{"id":51367,"date":"2026-09-03T13:31:31","date_gmt":"2026-09-03T13:31:31","guid":{"rendered":"https:\/\/cp.snarskis.lt\/index.php\/2026\/09\/03\/ceutos-krize-virto-melagienu-karu-kodel-taikinyje-atsidure-raudonasis-kryzius\/"},"modified":"2026-09-03T13:31:31","modified_gmt":"2026-09-03T13:31:31","slug":"ceutos-krize-virto-melagienu-karu-kodel-taikinyje-atsidure-raudonasis-kryzius","status":"publish","type":"post","link":"https:\/\/cp.snarskis.lt\/index.php\/2026\/09\/03\/ceutos-krize-virto-melagienu-karu-kodel-taikinyje-atsidure-raudonasis-kryzius\/","title":{"rendered":"Ceutos kriz\u0117 virto melagien\u0173 karu: kod\u0117l taikinyje atsid\u016br\u0117 \u201eRaudonasis Kry\u017eius\u201c"},"content":{"rendered":"<h2>Melagien\u0173 banga d\u0117l Ceutos<\/h2>\n<p>Ispanijai priklausanti Ceuta, besiribojanti su Maroku, pastaraisiais m\u0117nesiais tapo ne tik migracijos, bet ir dezinformacijos \u017eidiniu. Socialiniuose tinkluose plinta \u012fra\u0161ai, kuriuose humanitarin\u0117 organizacija \u201eRaudonasis Kry\u017eius\u201c kaltinama es\u0105 padedanti neteis\u0117tai perkelti migrantus \u012f \u017eemynin\u0119 Ispanij\u0105 ar neva ignoruojanti pa\u010di\u0173 ispan\u0173 b\u0117das.<\/p>\n<p>Tokie naratyvai \u012fgauna pagreit\u012f kriz\u0117s fone, kai staigus \u017emoni\u0173 srautas \u012f enklav\u0105 suk\u0117l\u0117 politin\u0119 \u012ftamp\u0105, perkrov\u0117 vietos infrastrukt\u016br\u0105 ir paskatino protestus. Kriz\u0117 i\u0161ry\u0161kino, kaip greitai emocingos \u017einut\u0117s gali nustelbti tikrinamus faktus.<\/p>\n<h2>K\u0105 sako Ispanijos vald\u017eia<\/h2>\n<p>Ispanijos ministras pirmininkas Pedro S\u00e1nchez vie\u0161ai teig\u0117, kad Europos S\u0105jungos diplomatin\u0117s tarnybos vertinimu, melaging\u0173 \u012fra\u0161\u0173 bang\u0105 internete stiprino Rusijos ir Izraelio tinklai. Abi \u0161alys \u0161iuos kaltinimus neig\u0117, o Ispanijos premjeras pabr\u0117\u017e\u0117, kad migracijos tema da\u017enai naudojama radikalizuojan\u010diai propagandai.<\/p>\n<p>Tokie parei\u0161kimai atkreipia d\u0117mes\u012f \u012f platesn\u0119 Europos problem\u0105: migracija vis da\u017eniau tampa informacini\u0173 operacij\u0173 taikiniu, o socialini\u0173 platform\u0173 algoritmai, skatindami \u012fsitraukim\u0105, neretai i\u0161kelia konfliktin\u012f turin\u012f.<\/p>\n<h2>Vaizdo \u012fra\u0161ai, kuriuos ai\u0161kina klaidingai<\/h2>\n<p>Viena labiausiai paplitusi\u0173 \u017einu\u010di\u0173 r\u0117m\u0117si vaizdo \u012fra\u0161u, kuris, kaip teigta, rodo vyr\u0173 perk\u0117lim\u0105 i\u0161 Ceutos \u012f \u017eemynin\u0119 Ispanij\u0105. Ta\u010diau papildoma med\u017eiaga ir vietos prane\u0161imai leid\u017eia identifikuoti, kad \u012fra\u0161as filmuotas Ceutoje, El Trampol\u00edn papl\u016bdimyje, kur \u201eRaudonasis Kry\u017eius\u201c dalijo maist\u0105 ir vanden\u012f dideliam migrant\u0173 b\u016briui.<\/p>\n<p>Kilus interpretacij\u0173 bangai, buvo kartojama ir versija, kad perk\u0117limo priemon\u0117mis es\u0105 piktnaud\u017eiaujama, prisidengiant nepilname\u010di\u0173 perk\u0117limu. Vis d\u0117lto aptariamas vaizdo \u012fra\u0161as tokio veiksmo nerodo, o jo turinys labiau atitinka humanitarin\u0117s pagalbos veiksmus vietoje.<\/p>\n<h2>Kaltinimai d\u0117l gaisr\u0173 ir potvyni\u0173<\/h2>\n<p>Kituose \u012fra\u0161uose \u201eRaudonasis Kry\u017eius\u201c kaltintas neva padedantis migrantams, bet ne Ispanijos gyventojams, nukent\u0117jusiems nuo mi\u0161k\u0173 gaisr\u0173. \u0160i\u0105 vasar\u0105 dideli gaisrai Ispanijoje ir kitose Europos dalyse sieti su ekstremaliomis kar\u0161\u010dio bangomis ir klimato kaitos poveikiu, o visuomen\u0117s emocijos tapo palankia terpe suprie\u0161inan\u010dioms \u017einut\u0117ms.<\/p>\n<p>Ta\u010diau pa\u010dios organizacijos skelbti duomenys rodo, kad gaisr\u0173 metu buvo mobilizuota daugiau nei 938 darbuotojai ir savanoriai, pagalba suteikta beveik 6 900 kart\u0173, o laikinas apgyvendinimas u\u017etikrintas daugiau nei 5 600 \u017emoni\u0173. Tokia statistika prie\u0161tarauja teiginiams, kad pagalba buvo nukreipta tik migrantams.<\/p>\n<p>Internete taip pat prisiminti 2024 metais DANA potvyniai, kuri\u0173 metu, kaip skelbta, \u017euvo daugiau nei 220 \u017emoni\u0173, o \u017eala siek\u0117 milijardus eur\u0173. Dezinformaciniai \u012fra\u0161ai tvirtino, es\u0105 nevyriausybin\u0117s organizacijos pasirod\u0117 tik tada, kai atvyko kameros, ta\u010diau \u201eRaudonasis Kry\u017eius\u201c nurod\u0117 per pagalbos ir atsigavimo programas suteik\u0119s param\u0105 daugiau nei 143 000 \u017emoni\u0173.<\/p>\n<h2>Protestai ir tikroji situacija vietoje<\/h2>\n<p>\u012etampa Ceutoje pasiek\u0117 ta\u0161k\u0105, kai rugpj\u016b\u010dio 27 dien\u0105 protestuotojai band\u0117 blokuoti \u201eRaudonojo Kry\u017eiaus\u201c transport\u0105, ve\u017eus\u012f maist\u0105. Socialiniuose tinkluose tai pristatyta kaip \u012frodymas, kad organizacija buvo priversta pasitraukti, ta\u010diau vietos prane\u0161imai rod\u0117, jog kolona pasiek\u0117 tiksl\u0105 kitu mar\u0161rutu ir maisto dalijimas \u012fvyko.<\/p>\n<p>\u201eRaudonasis Kry\u017eius\u201c vie\u0161\u0173 komentar\u0173 apie konkre\u010dius melagingus \u012fra\u0161us pla\u010diau neteik\u0117, ta\u010diau krizi\u0173 komunikacijos ekspertai pabr\u0117\u017eia, kad tokiose situacijose itin svarbu greitai pateikti patikim\u0105 informacij\u0105 ir ai\u0161kiai atskirti faktus nuo manipuliacij\u0173.<\/p>\n<h2>Kod\u0117l tokios \u017einut\u0117s plinta<\/h2>\n<p>Ceutos atvejis parodo, kaip lengvai humanitarin\u0117s organizacijos tampa patogiu taikiniu, kai visuomen\u0117 pavargusi nuo krizi\u0173, o migracijos tema politizuojama. Emocijos, baim\u0117 ir pyktis da\u017enai nukreipiami \u012f matomus pagalbos teik\u0117jus, nors j\u0173 veikla paprastai grind\u017eiama tarptautiniais humanitariniais principais.<\/p>\n<p>Tuo pat metu Europoje stipr\u0117ja diskusijos d\u0117l platform\u0173 atsakomyb\u0117s, turinio moderavimo ir \u017eym\u0117jimo, ypa\u010d kai melagienos gali paskatinti realius incidentus, tokius kaip pagalbos konvoj\u0173 blokavimas ar smurto protr\u016bkiai. Ceuta tampa pavyzd\u017eiu, kad informacin\u0117 higiena kriz\u0117se yra ne ma\u017eiau svarbi nei logistika ir humanitariniai resursai.<\/p>\n","protected":false},"excerpt":{"rendered":"<p>Ceutos migracijos kriz\u0119 lydinti dezinformacija internete pavert\u0117 \u201eRaudon\u0105j\u012f Kry\u017ei\u0173\u201c taikiniu: ai\u0161kinama, kas i\u0161 ties\u0173 vyko ir kod\u0117l plinta melagienos.<\/p>\n","protected":false},"author":0,"featured_media":51368,"comment_status":"open","ping_status":"open","sticky":false,"template":"","format":"standard","meta":{"_acf_changed":false,"footnotes":""},"categories":[94],"tags":[33680,1447,1133,3868,674,4661,9088],"miestas":[],"class_list":["post-51367","post","type-post","status-publish","format-standard","has-post-thumbnail","hentry","category-finansai","tag-ceuta","tag-dezinformacija","tag-ispanija","tag-marokas","tag-migracija","tag-pedro-sanchez","tag-raudonasis-kryzius"],"acf":[],"_links":{"self":[{"href":"https:\/\/cp.snarskis.lt\/index.php\/wp-json\/wp\/v2\/posts\/51367","targetHints":{"allow":["GET"]}}],"collection":[{"href":"https:\/\/cp.snarskis.lt\/index.php\/wp-json\/wp\/v2\/posts"}],"about":[{"href":"https:\/\/cp.snarskis.lt\/index.php\/wp-json\/wp\/v2\/types\/post"}],"replies":[{"embeddable":true,"href":"https:\/\/cp.snarskis.lt\/index.php\/wp-json\/wp\/v2\/comments?post=51367"}],"version-history":[{"count":0,"href":"https:\/\/cp.snarskis.lt\/index.php\/wp-json\/wp\/v2\/posts\/51367\/revisions"}],"wp:featuredmedia":[{"embeddable":true,"href":"https:\/\/cp.snarskis.lt\/index.php\/wp-json\/wp\/v2\/media\/51368"}],"wp:attachment":[{"href":"https:\/\/cp.snarskis.lt\/index.php\/wp-json\/wp\/v2\/media?parent=51367"}],"wp:term":[{"taxonomy":"category","embeddable":true,"href":"https:\/\/cp.snarskis.lt\/index.php\/wp-json\/wp\/v2\/categories?post=51367"},{"taxonomy":"post_tag","embeddable":true,"href":"https:\/\/cp.snarskis.lt\/index.php\/wp-json\/wp\/v2\/tags?post=51367"},{"taxonomy":"miestas","embeddable":true,"href":"https:\/\/cp.snarskis.lt\/index.php\/wp-json\/wp\/v2\/miestas?post=51367"}],"curies":[{"name":"wp","href":"https:\/\/api.w.org\/{rel}","templated":true}]}}