{"id":51401,"date":"2026-09-03T15:52:58","date_gmt":"2026-09-03T15:52:58","guid":{"rendered":"https:\/\/cp.snarskis.lt\/index.php\/2026\/09\/03\/svarbus-metas-sode-kada-geneti-obelis-slyvas-ir-vysnias-kad-nepadarytumete-brangiu-klaidu\/"},"modified":"2026-09-03T15:52:58","modified_gmt":"2026-09-03T15:52:58","slug":"svarbus-metas-sode-kada-geneti-obelis-slyvas-ir-vysnias-kad-nepadarytumete-brangiu-klaidu","status":"publish","type":"post","link":"https:\/\/cp.snarskis.lt\/index.php\/2026\/09\/03\/svarbus-metas-sode-kada-geneti-obelis-slyvas-ir-vysnias-kad-nepadarytumete-brangiu-klaidu\/","title":{"rendered":"Svarbus metas sode: kada gen\u0117ti obelis, slyvas ir vy\u0161nias, kad nepadarytum\u0117te brangi\u0173 klaid\u0173"},"content":{"rendered":"<p>Vaismed\u017ei\u0173 gen\u0117jimas yra vienas svarbiausi\u0173 darb\u0173 sode, nes nuo jo priklauso ne tik med\u017eio forma, bet ir derliaus gausa bei kokyb\u0117. Nepri\u017ei\u016brimos lajos ilgainiui sutank\u0117ja, prast\u0117ja oro cirkuliacija, o \u0161viesos stoka skatina ligas ir silpnina vaisi\u0173 mezgim\u0105.<\/p>\n<p>Tinkamai genint pirmiausia pa\u0161alinamos pa\u017eeistos, nud\u017ei\u016bvusios ar sergan\u010dios \u0161akos, taip pat \u012f lajos vid\u0173 augantys ir tarpusavyje besitrinantys \u016bgliai. Tai leid\u017eia suma\u017einti infekcij\u0173 rizik\u0105, palengvina prie\u017ei\u016br\u0105 ir padeda med\u017eiui energij\u0105 skirti vaisiams, o ne pertekliniams \u016bgliams.<\/p>\n<h2>Kada geriausia gen\u0117ti?<\/h2>\n<p>Gen\u0117jimo laikas priklauso nuo r\u016b\u0161ies ir oro s\u0105lyg\u0173, ta\u010diau da\u017eniausiai darbai planuojami v\u0117lyv\u0105 \u017eiem\u0105 ar ankstyv\u0105 pavasar\u012f, kai nebelieka stipri\u0173 \u0161al\u010di\u0173 rizikos. Svarbu rinktis dien\u0105 be dideli\u0173 \u0161aln\u0173, o pj\u016bvius daryti \u0161variais, a\u0161triais \u012frankiais, kad \u017eaizdos b\u016bt\u0173 kuo ma\u017eesn\u0117s.<\/p>\n<p>Obelys ir kriau\u0161\u0117s paprastai genimos b\u016btent \u0161iuo laikotarpiu, nes be lap\u0173 lengviau \u012fvertinti lajos strukt\u016br\u0105. Tuo metu patogu koreguoti \u0161akas, kurios per tankiai auga \u012f vid\u0173, ir atsargiai praretinti laj\u0105, nepaliekant ilg\u0173 kelmeli\u0173.<\/p>\n<h2>Kaulavaisiams galioja kitos taisykl\u0117s<\/h2>\n<p>Slyvos, vy\u0161nios ir tre\u0161n\u0117s da\u017enai geriau toleruoja gen\u0117jim\u0105 po derliaus, kai oras sausesnis ir \u0161iltesnis. Toks laikas daugeliu atvej\u0173 suma\u017eina tikimyb\u0119, kad \u0161vie\u017eios \u017eaizdos taps vartais infekcijoms, o medis sp\u0117s lengviau atsigauti iki \u0161altojo sezono.<\/p>\n<p>Rudeninis gen\u0117jimas n\u0117ra universalus sprendimas, ypa\u010d jei planuojamas stiprus lajos retinimas. Prie\u0161 \u017eiem\u0105 padarytos didel\u0117s \u017eaizdos ilgiau gyja, o staig\u016bs temperat\u016br\u0173 svyravimai gali dar labiau padidinti pa\u017eeidim\u0173 rizik\u0105.<\/p>\n<h2>Da\u017eniausios klaidos ir kaip j\u0173 i\u0161vengti<\/h2>\n<p>Viena pagrindini\u0173 klaid\u0173 yra per intensyvus gen\u0117jimas vienu kartu, kai pa\u0161alinama per daug sveik\u0173 \u0161ak\u0173. Tokiu atveju medis neretai i\u0161leid\u017eia daug sta\u010di\u0173, stipri\u0173 \u016bgli\u0173, o tai rei\u0161kia, kad kit\u0105 sezon\u0105 darbo tik padaug\u0117s, o vaisi\u0173 gali suma\u017e\u0117ti.<\/p>\n<p>Taip pat kenkia darbas bukais ar ne\u0161variais \u012frankiais, nes nelyg\u016bs pj\u016bviai gyja pras\u010diau, o ant a\u0161men\u0173 perne\u0161ami patogenai. Jei tenka \u0161alinti \u012ftartinai sergan\u010dias \u0161akas, \u012frankius verta dezinfekuoti prie\u0161 pereinant prie kito med\u017eio.<\/p>\n<p>Dideli\u0173 pj\u016bvi\u0173 neb\u016btina automati\u0161kai tepti sodo tepalu, jei pj\u016bvis atliktas taisyklingai ir \u0161variai. Vis d\u0117lto, kai \u017eaizdos labai didel\u0117s arba s\u0105lygos ligoms palankios, special\u016bs \u017eaizd\u0173 apsaugos preparatai gali pad\u0117ti, jei naudojami pagal instrukcij\u0105.<\/p>\n<p>Patikimiausia taktika yra reguliarus, saikingas gen\u0117jimas kasmet ar kas dvejus metus, u\u017euot vien\u0105 sezon\u0105 radikaliai nupjovus pus\u0119 lajos. Tokia prie\u017ei\u016bra padeda suformuoti tvirt\u0105, gerai ap\u0161viest\u0105 laj\u0105 ir palaikyti stabil\u0173 der\u0117jim\u0105 ilgus metus.<\/p>\n","protected":false},"excerpt":{"rendered":"<p>Vaismed\u017ei\u0173 gen\u0117jimas lemia derliaus kokyb\u0119: paai\u0161kiname, kada ir kaip gen\u0117ti obelis, slyvas bei vy\u0161nias ir koki\u0173 klaid\u0173 vengti.<\/p>\n","protected":false},"author":0,"featured_media":0,"comment_status":"open","ping_status":"open","sticky":false,"template":"","format":"standard","meta":{"_acf_changed":false,"footnotes":""},"categories":[5],"tags":[7383,7746,3444,6027,7372,6031],"miestas":[],"class_list":["post-51401","post","type-post","status-publish","format-standard","hentry","category-sodas-ir-darzas","tag-obelys","tag-sekatoriai","tag-slyvos","tag-sodo-darbai","tag-vaismedziu-genejimas","tag-vysnios"],"acf":[],"_links":{"self":[{"href":"https:\/\/cp.snarskis.lt\/index.php\/wp-json\/wp\/v2\/posts\/51401","targetHints":{"allow":["GET"]}}],"collection":[{"href":"https:\/\/cp.snarskis.lt\/index.php\/wp-json\/wp\/v2\/posts"}],"about":[{"href":"https:\/\/cp.snarskis.lt\/index.php\/wp-json\/wp\/v2\/types\/post"}],"replies":[{"embeddable":true,"href":"https:\/\/cp.snarskis.lt\/index.php\/wp-json\/wp\/v2\/comments?post=51401"}],"version-history":[{"count":0,"href":"https:\/\/cp.snarskis.lt\/index.php\/wp-json\/wp\/v2\/posts\/51401\/revisions"}],"wp:attachment":[{"href":"https:\/\/cp.snarskis.lt\/index.php\/wp-json\/wp\/v2\/media?parent=51401"}],"wp:term":[{"taxonomy":"category","embeddable":true,"href":"https:\/\/cp.snarskis.lt\/index.php\/wp-json\/wp\/v2\/categories?post=51401"},{"taxonomy":"post_tag","embeddable":true,"href":"https:\/\/cp.snarskis.lt\/index.php\/wp-json\/wp\/v2\/tags?post=51401"},{"taxonomy":"miestas","embeddable":true,"href":"https:\/\/cp.snarskis.lt\/index.php\/wp-json\/wp\/v2\/miestas?post=51401"}],"curies":[{"name":"wp","href":"https:\/\/api.w.org\/{rel}","templated":true}]}}