{"id":51407,"date":"2026-09-03T16:46:23","date_gmt":"2026-09-03T16:46:23","guid":{"rendered":"https:\/\/cp.snarskis.lt\/index.php\/2026\/09\/03\/irane-kavinu-tinklo-vadovas-nuteistas-12-metu-uz-parama-sausio-protestams-konfiskuotas-visas-turtas\/"},"modified":"2026-09-03T16:46:23","modified_gmt":"2026-09-03T16:46:23","slug":"irane-kavinu-tinklo-vadovas-nuteistas-12-metu-uz-parama-sausio-protestams-konfiskuotas-visas-turtas","status":"publish","type":"post","link":"https:\/\/cp.snarskis.lt\/index.php\/2026\/09\/03\/irane-kavinu-tinklo-vadovas-nuteistas-12-metu-uz-parama-sausio-protestams-konfiskuotas-visas-turtas\/","title":{"rendered":"Irane kavin\u0173 tinklo vadovas nuteistas 12 met\u0173: u\u017e param\u0105 sausio protestams konfiskuotas visas turtas"},"content":{"rendered":"<p>Irane kavin\u0173 tinklo vadovas Sadeghas Saeedinia nuteistas daugiau nei 12 met\u0173 laisv\u0117s at\u0117mimo bausme, o valstyb\u0117 konfiskavo vis\u0105 jo turt\u0105. Nuosprendis paskelbtas po to, kai verslininkas vie\u0161ai r\u0117m\u0117 sausio protestus ir, kaip teigiama, skatino darbuotojus jungtis prie streik\u0173.<\/p>\n<p>Byloje jam inkriminuotos veikos, kurias Irano teis\u0117sauga da\u017enai taiko politinio nepaklusnumo atvejais, \u012fskaitant propagand\u0105 prie\u0161 valstyb\u0117s saugum\u0105 ir veiksmus, es\u0105 atliekamus prie\u0161i\u0161k\u0173 grupi\u0173 naudai. Taip pat prane\u0161ta, kad po \u012fkalinimo jis dar dvejus metus negal\u0117s dirbti kavin\u0173 sektoriuje.<\/p>\n<p>Vald\u017eios institucijos teigia, kad Saeedinia \u201eInstagram\u201c platformoje skelb\u0117 su protestais susijus\u012f turin\u012f, pritar\u0117 raginimams streikuoti, o dal\u012f tinklo veiklos laikinai sustabd\u0117, skatindamas darbuotojus dalyvauti demonstracijose. Teismas j\u012f taip pat \u012fvardijo kaip vien\u0105 protest\u0173 kurstytoj\u0173 Kome ir siejo su vie\u0161ojo bei privataus turto niokojimu.<\/p>\n<p>Vis d\u0117lto vie\u0161ai nepateikta nepriklausomai patikrint\u0173 \u012frodym\u0173, kurie ai\u0161kiai pagr\u012fst\u0173 tiesiogin\u012f ry\u0161\u012f tarp jo veiksm\u0173 ir konkre\u010dios fizin\u0117s \u017ealos. Tokia informacijos stoka yra viena prie\u017eas\u010di\u0173, kod\u0117l \u017emogaus teisi\u0173 gyn\u0117jai pana\u0161ias bylas da\u017enai vertina kaip spaudimo priemon\u0119, skirt\u0105 atgrasyti nuo vie\u0161os paramos protestams.<\/p>\n<h2>Turto konfiskavimas kaip spaudimas<\/h2>\n<p>\u0160i byla laikoma platesn\u0117s kampanijos dalimi, nukreiptos ir \u012f Saeedinia \u0161eim\u0105 bei jos valdom\u0105 maisto versl\u0105. Dar iki s\u016bnaus nuosprend\u017eio prane\u0161ta apie u\u017edarytas kavin\u0117se ir restoranuose veikusias vietas bei u\u017eantspauduotus kai kuriuos padalinius.<\/p>\n<p>Irane turto konfiskavimas jau de\u0161imtme\u010dius taikomas kaip politin\u0117s kontrol\u0117s instrumentas, ta\u010diau pastaraisiais metais jo mastas, steb\u0117toj\u0173 vertinimu, i\u0161augo. Praktikos i\u0161takos siejamos su 1979 met\u0173 revoliucijos laikotarpiu, kai buvo konfiskuotas buvusios vald\u017eios elito turtas, o v\u0117liau mechanizmas i\u0161pl\u0117stas ir \u012f verslinink\u0173, aktyvist\u0173 bei religini\u0173 ma\u017eum\u0173 bylas.<\/p>\n<p>Teisin\u012f pagrind\u0105 konfiskacijoms sudaro Irano konstitucijos 49 straipsnis, leid\u017eiantis valstybei per teismus perimti \u201eneteis\u0117tai \u012fgyt\u0105\u201c turt\u0105. Realiame \u012fgyvendinime dalis perimto turto perduodama strukt\u016broms, veikian\u010dioms auk\u0161\u010diausiojo lyderio institucijos \u012ftakos zonoje.<\/p>\n<h2>Protest\u0173 fonas ir skai\u010di\u0173 skirtumai<\/h2>\n<p>Sausio protestai Irane kilo po ekonominio sukr\u0117timo ir nacionalin\u0117s valiutos nuvert\u0117jimo, o v\u0117liau i\u0161plito \u012f daugiau nei 180 miest\u0173. Vald\u017eia skelbia, kad per susir\u0117mimus ir protest\u0173 mal\u0161inim\u0105 \u017euvo daugiau nei 3 100 \u017emoni\u0173, pabr\u0117\u017edama, jog dalis auk\u0173 buvo saugumo paj\u0117g\u0173 nariai arba atsitiktiniai praeiviai.<\/p>\n<p>Tuo metu Jungtini\u0173 Taut\u0173 specialusis prane\u0161\u0117jas Irano klausimais yra nurod\u0119s, kad \u017euvusi\u0173j\u0173 skai\u010dius gali siekti ma\u017eiausiai 5 000, o \u017emogaus teisi\u0173 organizacijos pateikia dar didesnius vertinimus. Skirtingi skai\u010diai ai\u0161kinami ribota prieiga prie patikim\u0173 duomen\u0173, informacijos kontrole ir rizika vietos liudytojams.<\/p>\n<p>\u017dmogaus teisi\u0173 pareig\u016bnai ne kart\u0105 kritikavo Irano veiksmus, pabr\u0117\u017edami, kad represijos, \u012fskaitant teismus prie\u0161 protest\u0173 r\u0117m\u0117jus ir turto konfiskavim\u0105, dar labiau didina \u012ftamp\u0105 visuomen\u0117je. Saeedinia nuosprendis, anot steb\u0117toj\u0173, siun\u010dia ai\u0161ki\u0105 \u017einut\u0119 priva\u010diam verslui: net ir simbolin\u0117 parama protestams gali kainuoti laisv\u0119 bei vis\u0105 sukaupt\u0105 turt\u0105.<\/p>\n","protected":false},"excerpt":{"rendered":"<p>Irane kavin\u0173 tinklo vadovas Sadeghas Saeedinia nuteistas daugiau nei 12 met\u0173, o u\u017e param\u0105 sausio protestams konfiskuotas visas jo turtas.<\/p>\n","protected":false},"author":0,"featured_media":51408,"comment_status":"open","ping_status":"open","sticky":false,"template":"","format":"standard","meta":{"_acf_changed":false,"footnotes":""},"categories":[13],"tags":[3654,668,2477,4724,39729,13415,938],"miestas":[],"class_list":["post-51407","post","type-post","status-publish","format-standard","has-post-thumbnail","hentry","category-kultura","tag-instagram","tag-iranas","tag-protestai-irane","tag-streikai","tag-teismu-sistema","tag-turto-konfiskavimas","tag-zmogaus-teises"],"acf":[],"_links":{"self":[{"href":"https:\/\/cp.snarskis.lt\/index.php\/wp-json\/wp\/v2\/posts\/51407","targetHints":{"allow":["GET"]}}],"collection":[{"href":"https:\/\/cp.snarskis.lt\/index.php\/wp-json\/wp\/v2\/posts"}],"about":[{"href":"https:\/\/cp.snarskis.lt\/index.php\/wp-json\/wp\/v2\/types\/post"}],"replies":[{"embeddable":true,"href":"https:\/\/cp.snarskis.lt\/index.php\/wp-json\/wp\/v2\/comments?post=51407"}],"version-history":[{"count":0,"href":"https:\/\/cp.snarskis.lt\/index.php\/wp-json\/wp\/v2\/posts\/51407\/revisions"}],"wp:featuredmedia":[{"embeddable":true,"href":"https:\/\/cp.snarskis.lt\/index.php\/wp-json\/wp\/v2\/media\/51408"}],"wp:attachment":[{"href":"https:\/\/cp.snarskis.lt\/index.php\/wp-json\/wp\/v2\/media?parent=51407"}],"wp:term":[{"taxonomy":"category","embeddable":true,"href":"https:\/\/cp.snarskis.lt\/index.php\/wp-json\/wp\/v2\/categories?post=51407"},{"taxonomy":"post_tag","embeddable":true,"href":"https:\/\/cp.snarskis.lt\/index.php\/wp-json\/wp\/v2\/tags?post=51407"},{"taxonomy":"miestas","embeddable":true,"href":"https:\/\/cp.snarskis.lt\/index.php\/wp-json\/wp\/v2\/miestas?post=51407"}],"curies":[{"name":"wp","href":"https:\/\/api.w.org\/{rel}","templated":true}]}}