{"id":51413,"date":"2026-09-03T16:47:49","date_gmt":"2026-09-03T16:47:49","guid":{"rendered":"https:\/\/cp.snarskis.lt\/index.php\/2026\/09\/03\/mire-gloria-steinem-feminizmo-ikonos-palikimas-ir-citatos-kurios-iki-siol-keicia-diskusija\/"},"modified":"2026-09-03T16:47:49","modified_gmt":"2026-09-03T16:47:49","slug":"mire-gloria-steinem-feminizmo-ikonos-palikimas-ir-citatos-kurios-iki-siol-keicia-diskusija","status":"publish","type":"post","link":"https:\/\/cp.snarskis.lt\/index.php\/2026\/09\/03\/mire-gloria-steinem-feminizmo-ikonos-palikimas-ir-citatos-kurios-iki-siol-keicia-diskusija\/","title":{"rendered":"Mir\u0117 Gloria Steinem: feminizmo ikonos palikimas ir citatos, kurios iki \u0161iol kei\u010dia diskusij\u0105"},"content":{"rendered":"<h2>Gloria Steinem mirtis ir jos reik\u0161m\u0117<\/h2>\n<p>JAV \u017eurnalist\u0117, ra\u0161ytoja ir feminizmo aktyvist\u0117 Gloria Steinem mir\u0117 sulaukusi 92 met\u0173. Ji laikoma viena ry\u0161kiausi\u0173 modernaus moter\u0173 jud\u0117jimo fig\u016br\u0173, kurios tekstai ir vie\u0161i pasisakymai dar\u0117 \u012ftak\u0105 ne vienai kartai.<\/p>\n<p>Steinem vardas siejamas su ilgalaike kova u\u017e reprodukcines teises, teis\u0119 \u012f saug\u0173 abort\u0105, smurto artimoje aplinkoje prevencij\u0105, lygiavert\u012f atlyg\u012f ir politin\u012f moter\u0173 atstovavim\u0105. Jos veikla ap\u0117m\u0117 ir \u017eurnalistik\u0105, ir organizacin\u012f darb\u0105, ir nuolatin\u012f dalyvavim\u0105 vie\u0161ojoje erdv\u0117je.<\/p>\n<h2>Kod\u0117l jos citatos tapo jud\u0117jimo kalba<\/h2>\n<p>Gloria Steinem geb\u0117jo sud\u0117tingas socialines temas paversti ai\u0161kiomis, \u012fsimintinomis fraz\u0117mis, kurios lengvai cituojamos, bet kartu i\u0161laiko minties svor\u012f. Dalis jos pasakym\u0173 tapo feministinio jud\u0117jimo \u0161\u016bkiais, o kiti iki \u0161iol naudojami kalbant apie galios, pinig\u0173 ir politini\u0173 sprendim\u0173 santyk\u012f.<\/p>\n<p>Jos citat\u0173 populiarumas paai\u0161kinamas ir tuo, kad jos da\u017enai balansuoja tarp ironijos ir tikslios diagnoz\u0117s: Steinem kalb\u0117jo ne tik apie lygyb\u0117s idealus, bet ir apie mechanizmus, kurie lygyb\u0119 stabdo. D\u0117l to jos mintys naudojamos ir \u0161iuolaikin\u0117se diskusijose apie atlyginim\u0173 skirtumus, atstovavimo problem\u0105 bei kult\u016bros \u012ftak\u0105 politikai.<\/p>\n<p>\u201eBet kuri moteris, nusprendusi elgtis kaip visavertis \u017emogus, tur\u0117t\u0173 \u017einoti, kad status quo armijos j\u0105 m\u0117gins paversti ne\u0161variu juokeliu. Tai j\u0173 pirmasis ginklas. Jai prireiks seseryst\u0117s\u201c, \u2013 sak\u0117 Gloria Steinem.<\/p>\n<p>\u201eAteitis priklauso nuo to, k\u0105 kiekvienas darome kasdien; jud\u0117jimas yra tik \u017emon\u0117s, kurie juda\u201c, \u2013 sak\u0117 Gloria Steinem.<\/p>\n<h2>Palikimas, kuris neapsiriboja JAV<\/h2>\n<p>Nors Steinem da\u017eniausiai siejama su JAV moter\u0173 jud\u0117jimu, jos id\u0117jos per\u017eeng\u0117 valstybi\u0173 ribas ir tapo tarptautini\u0173 \u017emogaus teisi\u0173 diskusij\u0173 dalimi. Jos tekstai ir kalbos buvo ver\u010diami, cituojami akademin\u0117je aplinkoje, o \u017eurnalistin\u0117 laikysena pad\u0117jo suformuoti standart\u0105, kaip apie ly\u010di\u0173 lygyb\u0119 kalb\u0117ti ne vien deklaracijomis, bet ir faktais.<\/p>\n<p>\u0160iandien, kai daugelyje \u0161ali\u0173 vyksta gin\u010dai d\u0117l reprodukcini\u0173 teisi\u0173, smurto prevencijos priemoni\u0173 ar politinio atstovavimo, Steinem mintys v\u0117l skamba aktualiai. Jos palikimas i\u0161lieka ne tik citatose, bet ir pa\u010diame vie\u0161osios kalbos stiliuje: reikalauti poky\u010di\u0173, bet kartu \u012fvardyti, kas konkre\u010diai turi keistis.<\/p>\n","protected":false},"excerpt":{"rendered":"<p>Mir\u0117 Gloria Steinem: prisimename feminizmo ikonos palikim\u0105, svarbiausias id\u0117jas ir citatas, kurios iki \u0161iol formuoja diskusijas apie lygyb\u0119.<\/p>\n","protected":false},"author":0,"featured_media":51414,"comment_status":"open","ping_status":"open","sticky":false,"template":"","format":"standard","meta":{"_acf_changed":false,"footnotes":""},"categories":[13],"tags":[39735,39734,4086,6255,7088,39736],"miestas":[],"class_list":["post-51413","post","type-post","status-publish","format-standard","has-post-thumbnail","hentry","category-kultura","tag-feminizmas","tag-gloria-steinem","tag-lyciu-lygybe","tag-moteru-teises","tag-nekrologai","tag-reprodukcines-teises"],"acf":[],"_links":{"self":[{"href":"https:\/\/cp.snarskis.lt\/index.php\/wp-json\/wp\/v2\/posts\/51413","targetHints":{"allow":["GET"]}}],"collection":[{"href":"https:\/\/cp.snarskis.lt\/index.php\/wp-json\/wp\/v2\/posts"}],"about":[{"href":"https:\/\/cp.snarskis.lt\/index.php\/wp-json\/wp\/v2\/types\/post"}],"replies":[{"embeddable":true,"href":"https:\/\/cp.snarskis.lt\/index.php\/wp-json\/wp\/v2\/comments?post=51413"}],"version-history":[{"count":0,"href":"https:\/\/cp.snarskis.lt\/index.php\/wp-json\/wp\/v2\/posts\/51413\/revisions"}],"wp:featuredmedia":[{"embeddable":true,"href":"https:\/\/cp.snarskis.lt\/index.php\/wp-json\/wp\/v2\/media\/51414"}],"wp:attachment":[{"href":"https:\/\/cp.snarskis.lt\/index.php\/wp-json\/wp\/v2\/media?parent=51413"}],"wp:term":[{"taxonomy":"category","embeddable":true,"href":"https:\/\/cp.snarskis.lt\/index.php\/wp-json\/wp\/v2\/categories?post=51413"},{"taxonomy":"post_tag","embeddable":true,"href":"https:\/\/cp.snarskis.lt\/index.php\/wp-json\/wp\/v2\/tags?post=51413"},{"taxonomy":"miestas","embeddable":true,"href":"https:\/\/cp.snarskis.lt\/index.php\/wp-json\/wp\/v2\/miestas?post=51413"}],"curies":[{"name":"wp","href":"https:\/\/api.w.org\/{rel}","templated":true}]}}