{"id":51415,"date":"2026-09-03T16:48:19","date_gmt":"2026-09-03T16:48:19","guid":{"rendered":"https:\/\/cp.snarskis.lt\/index.php\/2026\/09\/03\/mire-gloria-steinem-92-feministinio-judejimo-veidas-zurnaliste-ir-ms-bendraikureja\/"},"modified":"2026-09-03T16:48:19","modified_gmt":"2026-09-03T16:48:19","slug":"mire-gloria-steinem-92-feministinio-judejimo-veidas-zurnaliste-ir-ms-bendraikureja","status":"publish","type":"post","link":"https:\/\/cp.snarskis.lt\/index.php\/2026\/09\/03\/mire-gloria-steinem-92-feministinio-judejimo-veidas-zurnaliste-ir-ms-bendraikureja\/","title":{"rendered":"Mir\u0117 Gloria Steinem (92): feministinio jud\u0117jimo veidas, \u017eurnalist\u0117 ir \u201eMs.\u201c bendra\u012fk\u016br\u0117ja"},"content":{"rendered":"<p>JAV feministinio jud\u0117jimo ikona, ra\u0161ytoja ir \u017eurnalist\u0117 Gloria Steinem mir\u0117 sulaukusi 92 met\u0173. Apie jos mirt\u012f prane\u0161ta artim\u0173j\u0173 ir su ja siejamos organizacijos socialini\u0173 tinkl\u0173 paskyrose.<\/p>\n<p>Skelbiama, kad ji mir\u0117 tre\u010diadien\u012f savo namuose Niujorke. Mirties prie\u017eastis nenurodoma, ta\u010diau primenama, kad praeityje ji buvo susid\u016brusi su kr\u016bties v\u0117\u017eiu, o v\u0117liau jai diagnozuota tri\u0161akio nervo neuralgija.<\/p>\n<h2>Jos \u012ftaka JAV moter\u0173 teisi\u0173 jud\u0117jimui<\/h2>\n<p>G. Steinem laikoma viena svarbiausi\u0173 vadinamosios antrosios bangos feminizmo fig\u016br\u0173, i\u0161kilusi\u0173 XX am\u017eiaus septintajame de\u0161imtmetyje. \u0160is laikotarpis JAV siejamas su plataus masto kova u\u017e ly\u010di\u0173 lygyb\u0119 darbo rinkoje, politikoje ir \u0161eimos teis\u0117je, taip pat u\u017e reprodukcines teises.<\/p>\n<p>Ji dirbo \u017eurnaliste Niujorke, o platesn\u012f pripa\u017einim\u0105 peln\u0117 po tyrimo, kai slapta \u012fsidarbino \u201ePlayboy\u201c klube ir apra\u0161\u0117 moter\u0173 darbo s\u0105lygas. V\u0117liau ji \u012fsitrauk\u0117 \u012f politin\u0119 publicistik\u0105, tapo redaktore ir viena ry\u0161kiausi\u0173 ly\u010di\u0173 lygyb\u0117s tem\u0173 bals\u0173.<\/p>\n<h2>\u201eMs.\u201c \u017eurnalas ir organizacijos<\/h2>\n<p>G. Steinem bendra\u012fk\u016br\u0117 \u017eurnal\u0105 \u201eMs.\u201c, tapus\u012f vienu svarbiausi\u0173 feministinio jud\u0117jimo leidini\u0173 JAV. Jame \u012f vie\u0161\u0105j\u0105 darbotvark\u0119 nuosekliai buvo keliamos smurto artimoje aplinkoje, seksualinio priekabiavimo, atlygio skirtum\u0173 ir abort\u0173 teis\u0117s temos.<\/p>\n<p>Ji taip pat prisid\u0117jo prie organizacij\u0173, orientuot\u0173 \u012f moter\u0173 teises ir \u017einiasklaidos atstovavim\u0105, k\u016brimo, o 1971 metais dalyvavo steigiant Nacionalin\u012f moter\u0173 politin\u012f susivienijim\u0105, kurio tikslas buvo didinti moter\u0173 dalyvavim\u0105 politikoje ir rinkimuose.<\/p>\n<h2>Paskutiniai metai ir palikimas<\/h2>\n<p>Artim\u0173j\u0173 prane\u0161ime pabr\u0117\u017eiama, kad G. Steinem iki pat gyvenimo pabaigos dirbo d\u0117l lygyb\u0117s ir daug ra\u0161\u0117. Taip pat teigiama, jog ji pastaraisiais metais puosel\u0117jo bendruomeninius susitikimus savo namuose, kuriuos norima t\u0119sti ir jai i\u0161\u0117jus.<\/p>\n<p>\u201eGlorios beveik \u0161imtmetis buvo prasmingai nugyventas, o iki pat pabaigos ji dirbo d\u0117l lygyb\u0117s\u201c, \u2013 teigiama prane\u0161ime.<\/p>\n<p>G. Steinem para\u0161\u0117 ne vien\u0105 pla\u010diai aptart\u0105 knyg\u0105, o jos publicistika ir kalbos pad\u0117jo formuoti modern\u0173 moter\u0173 teisi\u0173 jud\u0117jimo \u017eodyn\u0105. 2013 metais JAV prezidentas Barackas Obama jai skyr\u0117 Prezidento laisv\u0117s medal\u012f.<\/p>\n<p>Nors jos veikla ne kart\u0105 k\u0117l\u0117 gin\u010d\u0173 ir kritikos, G. Steinem i\u0161liko viena atpa\u017e\u012fstamiausi\u0173 fig\u016br\u0173, siejam\u0173 su ly\u010di\u0173 lygyb\u0117s kova. Jos mirtis \u017eymi vienos ry\u0161kiausi\u0173 XX am\u017eiaus socialini\u0173 permain\u0173 eros lyderi\u0173 netekt\u012f.<\/p>\n","protected":false},"excerpt":{"rendered":"<p>Mir\u0117 JAV feministinio jud\u0117jimo ikona Gloria Steinem: ap\u017evelgiame jos darb\u0105 \u017eurnalistikoje, \u201eMs.\u201c \u017eurnalo istorij\u0105 ir palikim\u0105 moter\u0173 teis\u0117ms.<\/p>\n","protected":false},"author":0,"featured_media":51416,"comment_status":"open","ping_status":"open","sticky":false,"template":"","format":"standard","meta":{"_acf_changed":false,"footnotes":""},"categories":[13],"tags":[39735,39734,507,6255,39737,7088,5736],"miestas":[],"class_list":["post-51415","post","type-post","status-publish","format-standard","has-post-thumbnail","hentry","category-kultura","tag-feminizmas","tag-gloria-steinem","tag-jav","tag-moteru-teises","tag-ms-zurnalas","tag-nekrologai","tag-zurnalistika"],"acf":[],"_links":{"self":[{"href":"https:\/\/cp.snarskis.lt\/index.php\/wp-json\/wp\/v2\/posts\/51415","targetHints":{"allow":["GET"]}}],"collection":[{"href":"https:\/\/cp.snarskis.lt\/index.php\/wp-json\/wp\/v2\/posts"}],"about":[{"href":"https:\/\/cp.snarskis.lt\/index.php\/wp-json\/wp\/v2\/types\/post"}],"replies":[{"embeddable":true,"href":"https:\/\/cp.snarskis.lt\/index.php\/wp-json\/wp\/v2\/comments?post=51415"}],"version-history":[{"count":0,"href":"https:\/\/cp.snarskis.lt\/index.php\/wp-json\/wp\/v2\/posts\/51415\/revisions"}],"wp:featuredmedia":[{"embeddable":true,"href":"https:\/\/cp.snarskis.lt\/index.php\/wp-json\/wp\/v2\/media\/51416"}],"wp:attachment":[{"href":"https:\/\/cp.snarskis.lt\/index.php\/wp-json\/wp\/v2\/media?parent=51415"}],"wp:term":[{"taxonomy":"category","embeddable":true,"href":"https:\/\/cp.snarskis.lt\/index.php\/wp-json\/wp\/v2\/categories?post=51415"},{"taxonomy":"post_tag","embeddable":true,"href":"https:\/\/cp.snarskis.lt\/index.php\/wp-json\/wp\/v2\/tags?post=51415"},{"taxonomy":"miestas","embeddable":true,"href":"https:\/\/cp.snarskis.lt\/index.php\/wp-json\/wp\/v2\/miestas?post=51415"}],"curies":[{"name":"wp","href":"https:\/\/api.w.org\/{rel}","templated":true}]}}