{"id":51424,"date":"2026-09-03T16:49:48","date_gmt":"2026-09-03T16:49:48","guid":{"rendered":"https:\/\/cp.snarskis.lt\/index.php\/2026\/09\/03\/granada-pradeda-neorama-40-koncertu-per-3-dienas-ir-nauja-scena-jauniems-ispanijos-talentams\/"},"modified":"2026-09-03T16:49:48","modified_gmt":"2026-09-03T16:49:48","slug":"granada-pradeda-neorama-40-koncertu-per-3-dienas-ir-nauja-scena-jauniems-ispanijos-talentams","status":"publish","type":"post","link":"https:\/\/cp.snarskis.lt\/index.php\/2026\/09\/03\/granada-pradeda-neorama-40-koncertu-per-3-dienas-ir-nauja-scena-jauniems-ispanijos-talentams\/","title":{"rendered":"Granada pradeda \u201eNeorama\u201c: 40 koncert\u0173 per 3 dienas ir nauja scena jauniems Ispanijos talentams"},"content":{"rendered":"<p>Granadoje rugs\u0117jo 3\u20135 dienomis startuoja \u201eNeorama\u201c \u2013 naujas keliaujantis muzikos festivalis, skirtas jauniems ir dar tik \u012fsitvirtinantiems atlik\u0117jams i\u0161 visos Ispanijos. Organizatoriai \u017eada, kad miesto istorin\u0117s erdv\u0117s trims dienoms taps skirting\u0173 stili\u0173 scenomis \u2013 nuo flamenko iki elektronikos.<\/p>\n<p>Festival\u012f inicijavo Ispanijos jaunimo muzikini\u0173 draugij\u0173 konfederacija (JME), \u0161iemet mininti 75 met\u0173 sukakt\u012f. Projekto tikslas \u2013 sujungti jaun\u0173j\u0173 muzikant\u0173 rengim\u0105 su realiu \u012f\u0117jimu \u012f profesionali\u0105 rink\u0105, suteikiant matomum\u0105 ir ry\u0161ius su industrijos atstovais.<\/p>\n<p>Pirmojoje \u201eNeorama\u201c laidoje numatyta 40 koncert\u0173 ir apie 500 dalyvi\u0173, i\u0161 j\u0173 325 muzikantai bei atlik\u0117jai. Koncertai vyks \u012fvairiose Granados vietose, tarp j\u0173 Generalif\u0117s teatras, Manuelio de Fallos auditorija, Carmen de los M\u00e1rtires ir Granados rotu\u0161\u0117s kiemas.<\/p>\n<h2>\u017danr\u0173 amplitud\u0117 ir atranka<\/h2>\n<p>\u201eNeorama\u201c programoje nenumatytas vienas dominuojantis \u017eanras: greta flamenko skamb\u0117s rokas, d\u017eiazas, klasikin\u0117, ankstyvoji ir simfonin\u0117 muzika, taip pat indie, punk, pop, folk bei elektronika. Toks spektras, pasak organizatori\u0173, turi parodyti, kiek skirting\u0173 keli\u0173 \u0161iandien renkasi jauni k\u016br\u0117jai.<\/p>\n<p>\u0160iai festivaliui atrinkta 11 kylan\u010di\u0173 projekt\u0173 i\u0161 skirting\u0173 region\u0173 \u2013 nuo Galisijos iki Seutos. Tarp j\u0173 minimi \u201eMusikene Big Band\u201c, urbanin\u0117s muzikos atlik\u0117ja Julia Cry, \u201eLiceu BLAM Collective\u201c, \u201eM\u00fchlfeld Ensemble\u201c, \u201ePer\u00edmetro\u201c, \u201eAlana\u201c, \u201eBlung\u201c, \u201eNaked Eva\u201c ir \u201ePitxorines\u201c.<\/p>\n<p>Kiekvienas projektas tur\u0117s po du pasirodymus, o dalis j\u0173 var\u017eysis d\u0117l keli\u0173 apdovanojim\u0173. Organizatoriai pabr\u0117\u017eia, kad taip siekiama sukurti ne tik koncert\u0173 grandin\u0119, bet ir platform\u0105, kuri priartina jaunus atlik\u0117jus prie festivali\u0173 kuratori\u0173, institucij\u0173 bei muzikos verslo.<\/p>\n<h2>Alhambra \u2013 viena svarbiausi\u0173 scen\u0173<\/h2>\n<p>Vienas ry\u0161kiausi\u0173 programos akcent\u0173 numatytas rugs\u0117jo 3 dien\u0105 Generalif\u0117s teatre, kur JM pasaulio orkestras pasirodys kartu su Granados operos choru. Koncertui diriguos Davidas Fern\u00e1ndezas Caravaca, o programoje numatyta ir Manuelio de Fallos k\u016brinio Noches en los jardines de Espa\u00f1a interpretacija.<\/p>\n<p>Reik\u0161ming\u0105 viet\u0105 u\u017eims ir Andal\u016bzijos jaunimo orkestras (OJA), planuojantis penkis kamerin\u0117s muzikos koncertus. Skamb\u0117s \u012fvairi\u0173 kompozitori\u0173 k\u016briniai, o pasirodymai bus rengiami keliose istorin\u0117se miesto erdv\u0117se.<\/p>\n<p>Festivalis u\u017esibaigs rugs\u0117jo 5 dien\u0105 Generalif\u0117s teatre su \u201eSuperArte\u201c \u2013 projektu, kuriame dalyvaus ir atlik\u0117jai su negalia. Organizatoriai pabr\u0117\u017eia \u012ftraukt\u012f bei prieinamum\u0105 kaip vienus esmini\u0173 \u201eNeorama\u201c princip\u0173.<\/p>\n<h2>Ne tik koncertai: profesija ir DI<\/h2>\n<p>Greta koncert\u0173 \u201eNeorama\u201c numato susitikimus ir dirbtuves apie temas, su kuriomis jauni muzikantai susiduria prakti\u0161kai: profesin\u0117 karjera, lygyb\u0117, inovacijos, prieinamumas, \u0161vietimas, verslumas ir meninink\u0173 teisin\u0117 apsauga. Programoje numatyta ir diskusij\u0173 apie tai, kaip muzikos sektori\u0173 kei\u010dia dirbtinis intelektas.<\/p>\n<p>\u201eTris dienas Granada gyvens vis\u0173 r\u016b\u0161i\u0173 muzika\u201c, \u2013 sak\u0117 Andal\u016bzijos regiono kult\u016bros ministr\u0117 Patricia del Pozo.<\/p>\n<p>Renginiai ir diskusijos planuojami nemokami, ta\u010diau d\u0117l riboto viet\u0173 skai\u010diaus daliai veikl\u0173 reik\u0117s i\u0161ankstin\u0117s registracijos. Jei pirmoji \u201eNeorama\u201c laida pasiteisins, organizatoriai tikisi, kad festivalis taps nuolatine, po skirtingus miestus keliaujan\u010dia jaun\u0173j\u0173 talent\u0173 vitrina.<\/p>\n","protected":false},"excerpt":{"rendered":"<p>Granadoje startuoja \u201eNeorama\u201c: 40 koncert\u0173 per tris dienas, 500 dalyvi\u0173 ir \u017eanr\u0173 \u012fvairov\u0117 nuo flamenko iki elektronikos bei diskusijos apie DI.<\/p>\n","protected":false},"author":0,"featured_media":51425,"comment_status":"open","ping_status":"open","sticky":false,"template":"","format":"standard","meta":{"_acf_changed":false,"footnotes":""},"categories":[13],"tags":[102,39754,4825,21428,3575,647,39753],"miestas":[],"class_list":["post-51424","post","type-post","status-publish","format-standard","has-post-thumbnail","hentry","category-kultura","tag-dirbtinis-intelektas","tag-flamenko","tag-granada","tag-jaunieji-muzikantai","tag-klasikine-muzika","tag-muzikos-festivaliai","tag-neorama"],"acf":[],"_links":{"self":[{"href":"https:\/\/cp.snarskis.lt\/index.php\/wp-json\/wp\/v2\/posts\/51424","targetHints":{"allow":["GET"]}}],"collection":[{"href":"https:\/\/cp.snarskis.lt\/index.php\/wp-json\/wp\/v2\/posts"}],"about":[{"href":"https:\/\/cp.snarskis.lt\/index.php\/wp-json\/wp\/v2\/types\/post"}],"replies":[{"embeddable":true,"href":"https:\/\/cp.snarskis.lt\/index.php\/wp-json\/wp\/v2\/comments?post=51424"}],"version-history":[{"count":0,"href":"https:\/\/cp.snarskis.lt\/index.php\/wp-json\/wp\/v2\/posts\/51424\/revisions"}],"wp:featuredmedia":[{"embeddable":true,"href":"https:\/\/cp.snarskis.lt\/index.php\/wp-json\/wp\/v2\/media\/51425"}],"wp:attachment":[{"href":"https:\/\/cp.snarskis.lt\/index.php\/wp-json\/wp\/v2\/media?parent=51424"}],"wp:term":[{"taxonomy":"category","embeddable":true,"href":"https:\/\/cp.snarskis.lt\/index.php\/wp-json\/wp\/v2\/categories?post=51424"},{"taxonomy":"post_tag","embeddable":true,"href":"https:\/\/cp.snarskis.lt\/index.php\/wp-json\/wp\/v2\/tags?post=51424"},{"taxonomy":"miestas","embeddable":true,"href":"https:\/\/cp.snarskis.lt\/index.php\/wp-json\/wp\/v2\/miestas?post=51424"}],"curies":[{"name":"wp","href":"https:\/\/api.w.org\/{rel}","templated":true}]}}