{"id":51427,"date":"2026-09-03T16:50:37","date_gmt":"2026-09-03T16:50:37","guid":{"rendered":"https:\/\/cp.snarskis.lt\/index.php\/2026\/09\/03\/gelezinkeliu-sektorius-kreipesi-i-donalda-tuska-zada-prioriteta-bet-sprendimai-veluoja\/"},"modified":"2026-09-03T16:50:37","modified_gmt":"2026-09-03T16:50:37","slug":"gelezinkeliu-sektorius-kreipesi-i-donalda-tuska-zada-prioriteta-bet-sprendimai-veluoja","status":"publish","type":"post","link":"https:\/\/cp.snarskis.lt\/index.php\/2026\/09\/03\/gelezinkeliu-sektorius-kreipesi-i-donalda-tuska-zada-prioriteta-bet-sprendimai-veluoja\/","title":{"rendered":"Gele\u017einkeli\u0173 sektorius kreip\u0117si \u012f Donald\u0105 Tusk\u0105: \u017eada prioritet\u0105, bet sprendimai v\u0117luoja"},"content":{"rendered":"<p>Lenkijos gele\u017einkeli\u0173 sektoriaus organizacijos atviru lai\u0161ku kreip\u0117si \u012f ministr\u0105 pirminink\u0105 Donald\u0105 Tusk\u0105, kaltindamos Vyriausyb\u0119 ry\u0161kiu neatitikimu tarp vie\u0161\u0173 deklaracij\u0173 ir reali\u0173 sprendim\u0173. Pagrindiniai priekai\u0161tai susij\u0119 su Finansavimo mechanizmais, krovini\u0173 ve\u017eimo s\u0105naudomis bei planuojamais keli\u0173 transporto reguliavimo poky\u010diais.<\/p>\n<p>Lai\u0161k\u0105 pasira\u0161\u0117 Izba Gospodarcza Transportu L\u0105dowego, Forum Kolejowe Railway Business Forum ir Zwi\u0105zek Niezale\u017cnych Przewo\u017anik\u00f3w Kolejowych. Organizacijos primena, kad 2025 metais Trako parodoje Gdanske gele\u017einkeliai buvo \u012fvardyti kaip vienas svarbiausi\u0173 prioritet\u0173, ta\u010diau praktikoje es\u0105 matomas reform\u0173 vilkinimas.<\/p>\n<h2>Fond\u0173 reforma nukeliama<\/h2>\n<p>Vienas svarbiausi\u0173 gin\u010do ta\u0161k\u0173 yra Gele\u017einkeli\u0173 fondo reforma, kuri tur\u0117t\u0173 u\u017etikrinti stabilesn\u012f ir lankstesn\u012f infrastrukt\u016bros finansavim\u0105. Sektorius siekia, kad gele\u017einkeli\u0173 investicij\u0173 planavimas b\u016bt\u0173 ma\u017eiau priklausomas nuo trumpalaiki\u0173 biud\u017eeto sprendim\u0173 ir labiau prognozuojamas verslui.<\/p>\n<p>Pasak organizacij\u0173, reforma tur\u0117jo \u012fsigalioti 2027 met\u0173 sausio 1 dien\u0105, ta\u010diau dabar planuojama j\u0105 nukelti vieniems metams. Tok\u012f sprendim\u0105 pasira\u0161iusieji vadina sunkiai suderinamu su ilgalaikiais infrastrukt\u016bros planais iki 2050 met\u0173 ir vie\u0161ai deklaruojama gele\u017einkeli\u0173 svarba.<\/p>\n<h2>Kroviniai praranda dal\u012f rinkos<\/h2>\n<p>Kita kritikos kryptis susijusi su krovini\u0173 ve\u017eimu gele\u017einkeliais ir infrastrukt\u016bros mokes\u010diais. Lai\u0161ke teigiama, kad 2022\u20132025 metais gele\u017einkeliai prarado 12 proc. perve\u017eamos mas\u0117s ir 10 proc. krovini\u0173 ve\u017eimo darbo, o tai rodo blog\u0117jan\u010di\u0105 konkurencij\u0105 su keli\u0173 transportu.<\/p>\n<p>Organizacijos taip pat akcentuoja, kad infrastrukt\u016bros valdytojas band\u0117 reik\u0161mingai didinti mokes\u010dius u\u017e naudojim\u0105si tinklu, nors v\u0117liau radikaliausias didinimas buvo at\u0161auktas. Sektoriaus vertinimu, gele\u017einkeli\u0173 kroviniams reikia ma\u017einti konkurencines kli\u016btis, o ne didinti s\u0105naudas, kurios skatina krovini\u0173 srautus persikelti \u012f kelius.<\/p>\n<h2>Nerimas d\u0117l megasunkve\u017eimi\u0173<\/h2>\n<p>Tre\u010diasis klausimas susij\u0119s su planuojamais keli\u0173 transporto pakeitimais, kurie apimt\u0173 didesnio ilgio ir mas\u0117s sunkve\u017eimi\u0173, vadinam\u0173 megasunkve\u017eimiais, \u012fteisinim\u0105. Gele\u017einkeli\u0173 atstovai \u012fsp\u0117ja, kad tokie sprendimai sustiprint\u0173 keli\u0173 transporto operacines galimybes ir dar labiau spaust\u0173 gele\u017einkeli\u0173 bei intermodalini\u0173 perve\u017eim\u0173 konkurencingum\u0105.<\/p>\n<p>Organizacijos ragina Vyriausyb\u0119 laikytis trij\u0173 krypting\u0173 veiksm\u0173: neatid\u0117lioti Gele\u017einkeli\u0173 fondo reformos, formuoti infrastrukt\u016bros mokes\u010di\u0173 politik\u0105, kuri realiai stiprint\u0173 krovini\u0173 ve\u017eim\u0105 gele\u017einkeliais, ir vertinant keli\u0173 reguliavim\u0105 atsi\u017evelgti \u012f poveik\u012f gele\u017einkeli\u0173 rinkos daliai.<\/p>\n<p>\u201eTikim\u0117s, kad ministras pirmininkas paskatins sprendimus, kurie leis patikrinti, ar \u017eod\u017eiai apie absoliut\u0173 prioritet\u0105 yra realus \u012fsipareigojimas, ar liks politine deklaracija\u201c, \u2013 ra\u0161\u0117 lai\u0161ko signatarai.<\/p>\n","protected":false},"excerpt":{"rendered":"<p>Lenkijos gele\u017einkeli\u0173 organizacijos kreip\u0117si \u012f Donald\u0105 Tusk\u0105: kritikuoja reform\u0173 vilkinim\u0105, krovini\u0173 rinkos smukim\u0105 ir megasunkve\u017eimi\u0173 planus.<\/p>\n","protected":false},"author":0,"featured_media":0,"comment_status":"open","ping_status":"open","sticky":false,"template":"","format":"standard","meta":{"_acf_changed":false,"footnotes":""},"categories":[94],"tags":[102,7455,2123,39758,39757,14355,39759],"miestas":[],"class_list":["post-51427","post","type-post","status-publish","format-standard","hentry","category-finansai","tag-dirbtinis-intelektas","tag-donaldas-tuskas","tag-gelezinkeliai","tag-gelezinkeliu-fondas","tag-infrastrukturos-mokesciai","tag-kroviniu-pervezimai","tag-megasunkvezimiai"],"acf":[],"_links":{"self":[{"href":"https:\/\/cp.snarskis.lt\/index.php\/wp-json\/wp\/v2\/posts\/51427","targetHints":{"allow":["GET"]}}],"collection":[{"href":"https:\/\/cp.snarskis.lt\/index.php\/wp-json\/wp\/v2\/posts"}],"about":[{"href":"https:\/\/cp.snarskis.lt\/index.php\/wp-json\/wp\/v2\/types\/post"}],"replies":[{"embeddable":true,"href":"https:\/\/cp.snarskis.lt\/index.php\/wp-json\/wp\/v2\/comments?post=51427"}],"version-history":[{"count":0,"href":"https:\/\/cp.snarskis.lt\/index.php\/wp-json\/wp\/v2\/posts\/51427\/revisions"}],"wp:attachment":[{"href":"https:\/\/cp.snarskis.lt\/index.php\/wp-json\/wp\/v2\/media?parent=51427"}],"wp:term":[{"taxonomy":"category","embeddable":true,"href":"https:\/\/cp.snarskis.lt\/index.php\/wp-json\/wp\/v2\/categories?post=51427"},{"taxonomy":"post_tag","embeddable":true,"href":"https:\/\/cp.snarskis.lt\/index.php\/wp-json\/wp\/v2\/tags?post=51427"},{"taxonomy":"miestas","embeddable":true,"href":"https:\/\/cp.snarskis.lt\/index.php\/wp-json\/wp\/v2\/miestas?post=51427"}],"curies":[{"name":"wp","href":"https:\/\/api.w.org\/{rel}","templated":true}]}}