{"id":51459,"date":"2026-09-03T18:23:49","date_gmt":"2026-09-03T18:23:49","guid":{"rendered":"https:\/\/cp.snarskis.lt\/index.php\/2026\/09\/03\/patriot-raketu-dilema-ispanija-zada-testi-parama-ukrainai-o-lenkijoje-grieztas-ne\/"},"modified":"2026-09-03T18:23:49","modified_gmt":"2026-09-03T18:23:49","slug":"patriot-raketu-dilema-ispanija-zada-testi-parama-ukrainai-o-lenkijoje-grieztas-ne","status":"publish","type":"post","link":"https:\/\/cp.snarskis.lt\/index.php\/2026\/09\/03\/patriot-raketu-dilema-ispanija-zada-testi-parama-ukrainai-o-lenkijoje-grieztas-ne\/","title":{"rendered":"Patriot raket\u0173 dilema: Ispanija \u017eada t\u0119sti param\u0105 Ukrainai, o Lenkijoje \u2013 grie\u017etas ne"},"content":{"rendered":"<p>Diskusijos d\u0117l \u201ePatriot\u201c sistemoms skirt\u0173 raket\u0173 tiekimo Ukrainai t\u0119siasi, nes Kyjivas nuolat pabr\u0117\u017eia prie\u0161l\u0117ktuvin\u0117s amunicijos tr\u016bkum\u0105. S\u0105jungininkams tenka rinktis tarp skubios paramos Ukrainai ir savo pa\u010di\u0173 oro gynybos atsarg\u0173 i\u0161laikymo.<\/p>\n<p>Ispanijos u\u017esienio reikal\u0173 ministras Jos\u00e9 Manuelis Albaresas per neformal\u0173 ES diplomatijos vadov\u0173 susitikim\u0105 Airijoje patvirtino, kad Madridas ir toliau perduos Ukrainai raket\u0173 \u201ePatriot\u201c sistemoms. Jis pabr\u0117\u017e\u0117, kad Ispanija \u012f pagalbos pra\u0161ymus reaguoja greitai, o jos ind\u0117l\u012f es\u0105 mato ir NATO generalinis sekretorius Markas Rutte.<\/p>\n<p>\u201eIspanija raketas Ukrainai perduoda jau seniai ir \u0161i\u0105 param\u0105 t\u0119s\u201c, \u2013 sak\u0117 Jos\u00e9 Manuelis Albaresas.<\/p>\n<p>\u201ePatriot\u201c per\u0117m\u0117jai laikomi vienu i\u0161 nedaugelio realiai veiksming\u0173 b\u016bd\u0173 numu\u0161ti balistines raketas, tod\u0117l j\u0173 poreikis Ukrainoje ypa\u010d i\u0161augo intensyv\u0117jant sm\u016bgiams prie\u0161 energetikos ir miest\u0173 infrastrukt\u016br\u0105. Ukrainos prezidentas Volodymyras Zelenskis vie\u0161ai yra kalb\u0117j\u0119s, kad raket\u0173 tiekimas i\u0161 partneri\u0173 ma\u017e\u0117ja, o oro gynybos atsarg\u0173 papildymas atsilieka nuo poreikio.<\/p>\n<p>Ispanija paprastai neperduoda piln\u0173 baterij\u0173, ta\u010diau siun\u010dia raket\u0173 siuntas, kurios leid\u017eia palaikyti jau veikian\u010di\u0173 sistem\u0173 efektyvum\u0105. Ankstesniais metais Madridas taip pat deklaravo reik\u0161ming\u0105 ilgalaik\u0119 karin\u0117s paramos apimt\u012f, ta\u010diau nauj\u0173 konkre\u010di\u0173 skai\u010di\u0173 d\u0117l b\u016bsim\u0173 raket\u0173 kieki\u0173 \u0161\u012fkart nepaskelbta.<\/p>\n<h2>Lenkijoje parama kelia pasiprie\u0161inim\u0105<\/h2>\n<p>Tuo pat metu Lenkijoje visuomen\u0117s nuomon\u0117 gerokai skepti\u0161kesn\u0117. Apklausos duomenys rodo, kad did\u017eioji dalis gyventoj\u0173 nepritaria id\u0117jai perduoti Ukrainai \u201ePatriot\u201c raketas i\u0161 nacionalini\u0173 atsarg\u0173, nes tai gali silpninti pa\u010dios Lenkijos oro gynybos paj\u0117gumus.<\/p>\n<p>Apklausoje dauguma respondent\u0173 pasisak\u0117 prie\u0161 tok\u012f sprendim\u0105, o palaikan\u010di\u0173j\u0173 dalis i\u0161liko gerokai ma\u017eesn\u0117. Reik\u0161minga dalis \u017emoni\u0173 taip pat nurod\u0117 neturintys ai\u0161kios pozicijos, kas atspindi visuomen\u0117je egzistuojant\u012f saugumo ir solidarumo dilemos a\u0161trum\u0105.<\/p>\n<h2>K\u0105 sako vald\u017eia ir kod\u0117l gin\u010das t\u0119siasi?<\/h2>\n<p>Lenkijos politin\u0117je darbotvark\u0117je \u0161is klausimas siejamas su atsarg\u0173 dyd\u017eiu, pristatym\u0173 i\u0161 JAV tempais ir bendru NATO planavimu regione. Vald\u017eia akcentuoja, kad kiekvienas sprendimas d\u0117l perdavimo derinamas su s\u0105jungininkais ir grind\u017eiamas kariuomen\u0117s vertinimu, kad nacionalin\u0117 oro gynyba nenukent\u0117t\u0173.<\/p>\n<p>Tuo tarpu kritikai pabr\u0117\u017eia, kad turim\u0173 per\u0117m\u0117j\u0173 kiekiai n\u0117ra neriboti, o \u201ePatriot\u201c raket\u0173 gamyba ir pristatymas u\u017etrunka, tod\u0117l bet koks atsarg\u0173 ma\u017einimas tampa politi\u0161kai jautrus. D\u0117l to skirtumai tarp Ispanijos siun\u010diamo signalo ir Lenkijos vidaus nuotaik\u0173 i\u0161ry\u0161kina, kaip nevienodai NATO \u0161alys vertina rizikas ir prioritetus.<\/p>\n","protected":false},"excerpt":{"rendered":"<p>Ispanija tvirtina t\u0119sianti \u201ePatriot\u201c raket\u0173 tiekim\u0105 Ukrainai, ta\u010diau Lenkijoje dauguma gyventoj\u0173 tam nepritaria, baimindamiesi atsarg\u0173 ma\u017e\u0117jimo.<\/p>\n","protected":false},"author":0,"featured_media":51460,"comment_status":"open","ping_status":"open","sticky":false,"template":"","format":"standard","meta":{"_acf_changed":false,"footnotes":""},"categories":[7],"tags":[1133,465,702,2706,2246,299,703],"miestas":[],"class_list":["post-51459","post","type-post","status-publish","format-standard","has-post-thumbnail","hentry","category-technologijos","tag-ispanija","tag-lenkija","tag-nato","tag-oro-gynyba","tag-patriot","tag-ukraina","tag-volodymyras-zelenskis"],"acf":[],"_links":{"self":[{"href":"https:\/\/cp.snarskis.lt\/index.php\/wp-json\/wp\/v2\/posts\/51459","targetHints":{"allow":["GET"]}}],"collection":[{"href":"https:\/\/cp.snarskis.lt\/index.php\/wp-json\/wp\/v2\/posts"}],"about":[{"href":"https:\/\/cp.snarskis.lt\/index.php\/wp-json\/wp\/v2\/types\/post"}],"replies":[{"embeddable":true,"href":"https:\/\/cp.snarskis.lt\/index.php\/wp-json\/wp\/v2\/comments?post=51459"}],"version-history":[{"count":0,"href":"https:\/\/cp.snarskis.lt\/index.php\/wp-json\/wp\/v2\/posts\/51459\/revisions"}],"wp:featuredmedia":[{"embeddable":true,"href":"https:\/\/cp.snarskis.lt\/index.php\/wp-json\/wp\/v2\/media\/51460"}],"wp:attachment":[{"href":"https:\/\/cp.snarskis.lt\/index.php\/wp-json\/wp\/v2\/media?parent=51459"}],"wp:term":[{"taxonomy":"category","embeddable":true,"href":"https:\/\/cp.snarskis.lt\/index.php\/wp-json\/wp\/v2\/categories?post=51459"},{"taxonomy":"post_tag","embeddable":true,"href":"https:\/\/cp.snarskis.lt\/index.php\/wp-json\/wp\/v2\/tags?post=51459"},{"taxonomy":"miestas","embeddable":true,"href":"https:\/\/cp.snarskis.lt\/index.php\/wp-json\/wp\/v2\/miestas?post=51459"}],"curies":[{"name":"wp","href":"https:\/\/api.w.org\/{rel}","templated":true}]}}