{"id":51477,"date":"2026-09-03T18:27:28","date_gmt":"2026-09-03T18:27:28","guid":{"rendered":"https:\/\/cp.snarskis.lt\/index.php\/2026\/09\/03\/lg-ifa-2026-berlyne-atveria-di-namu-vizija-naujas-thinq-agentas-ir-energijos-valdymas\/"},"modified":"2026-09-03T18:27:28","modified_gmt":"2026-09-03T18:27:28","slug":"lg-ifa-2026-berlyne-atveria-di-namu-vizija-naujas-thinq-agentas-ir-energijos-valdymas","status":"publish","type":"post","link":"https:\/\/cp.snarskis.lt\/index.php\/2026\/09\/03\/lg-ifa-2026-berlyne-atveria-di-namu-vizija-naujas-thinq-agentas-ir-energijos-valdymas\/","title":{"rendered":"\u201eLG\u201c IFA 2026 Berlyne atveria DI nam\u0173 vizij\u0105: naujas \u201eThinQ\u201c agentas ir energijos valdymas"},"content":{"rendered":"<p>Berlyne rugs\u0117jo 4 dien\u0105 prasidedanti technologij\u0173 paroda IFA 2026 taps scena, kur \u201eLG\u201c pristatys i\u0161pl\u0117st\u0105 DI nam\u0173 ekosistem\u0105. Bendrov\u0117 skelbia, kad \u0161iemet stende \u012frengta atskira DI Home zona, skirta parodyti, kaip vienoje sistemoje sujungiami \u012frenginiai, erdv\u0117s ir paslaugos.<\/p>\n<p>Pagrindinis vaidmuo tenka \u201eLG ThinQ ON\u201c nam\u0173 centrui ir \u201eLG ThinQ\u201c platformai, kuri tur\u0117t\u0173 supaprastinti skirting\u0173 prietais\u0173 valdym\u0105. Pasak gamintojo, tikslas yra ne vien nuotolinis \u012fjungimas, o konteksto supratimu paremtos rekomendacijos ir automatizavimas.<\/p>\n<h2>\u201eThinQ Claw\u201c: pokalbi\u0173 agentas namams<\/h2>\n<p>Tarp ry\u0161kiausi\u0173 naujovi\u0173 minima \u201eThinQ Claw\u201c funkcija, apib\u016bdinama kaip tekstinio pokalbio DI agentas, integruotas \u012f \u201eThinQ ON\u201c. Ji tur\u0117t\u0173 geb\u0117ti derinti vartotojo u\u017eklausas su nam\u0173 situacija, pavyzd\u017eiui, atsi\u017evelgti \u012f \u012fpro\u010dius, pasirinktus re\u017eimus ar dienos rutin\u0105.<\/p>\n<p>\u201eLG\u201c teigimu, toks agentas gali pasi\u016blyti veiksmus pagal nam\u0173 s\u0105lygas arba konkretaus \u017emogaus pageidavimus, tod\u0117l automatizavimas tampa ma\u017eiau paremtas rankiniais scenarijais. Rinkoje \u0161i kryptis stipr\u0117ja: gamintojai vis da\u017eniau integruoja DI asistentus \u012f buities technik\u0105, kad valdymas b\u016bt\u0173 nat\u016bralesnis ir labiau suasmenintas.<\/p>\n<h2>Energijos valdymas ir \u201eHomey\u201c platforma<\/h2>\n<p>Parodoje taip pat pristatomas nam\u0173 energijos valdymo sprendimas HEMS, kur\u012f \u201eLG\u201c sieja su \u201eHomey\u201c platforma. Sprendimo tikslas \u2013 koordinuoti energijos gamyb\u0105, kaupim\u0105 ir vartojim\u0105 visame b\u016bste, kad b\u016bt\u0173 lengviau planuoti s\u0105naudas ir optimizuoti \u012frengini\u0173 darb\u0105.<\/p>\n<p>Tokie sprendimai tampa aktual\u016bs d\u0117l kintan\u010di\u0173 energijos kain\u0173 ir augan\u010dio d\u0117mesio efektyvumui, ypa\u010d namuose, kuriuose naudojami energijos kaupikliai ar kitos i\u0161maniosios sistemos. Praktikoje tai rei\u0161kia didesn\u012f automatizavimo vaidmen\u012f, kai dalis sprendim\u0173 priimama pagal nustatytas taisykles ir realaus laiko duomenis.<\/p>\n<h2>Daugiau \u012fmontuojamos technikos ir nauji ekranai<\/h2>\n<p>\u201eLG\u201c taip pat ple\u010dia Fit &amp; Max kategorij\u0105, kuri anks\u010diau buvo taikoma pasirinktoms \u0161aldytuv\u0173 versijoms. Dabar \u0161is sprendim\u0173 paketas pritaikomas ir skalbykl\u0117ms, d\u017eiovykl\u0117ms bei indaplov\u0117ms, siekiant patogesni\u0173 \u012fmontavimo variant\u0173 skirtingoms virtuv\u0117s ar buitin\u0117ms erdv\u0117ms.<\/p>\n<p>Be buitin\u0117s technikos, stende rodomi ir nauji ekranai bei garso sprendimai, \u012fskaitant OLED evo ir kit\u0173 serij\u0173 televizorius, taip pat \u017eaidim\u0173 monitorius. \u201eLG\u201c nurodo, kad dalyje televizori\u0173 naudojamas \u201e\u03b111 AI Processor 4K Gen3\u201c procesorius, o kai kuriems ekranams suteikti T\u00dcV Rheinland sertifikatai.<\/p>\n<p>IFA 2026 vyks rugs\u0117jo 4\u20138 dienomis, o Berlyne savo produktus ir sprendimus tradici\u0161kai pristato daugyb\u0117 tarptautini\u0173 technologij\u0173 gamintoj\u0173. \u0160i\u0173 met\u0173 akcentas ry\u0161k\u0117ja gana ai\u0161kiai: DI integracija \u012f nam\u0173 \u012frenginius persikelia nuo pavieni\u0173 funkcij\u0173 prie platesni\u0173 ekosistem\u0173 ir energijos efektyvumo valdymo.<\/p>\n","protected":false},"excerpt":{"rendered":"<p>\u201eLG\u201c IFA 2026 Berlyne pristato i\u0161pl\u0117st\u0105 DI nam\u0173 ekosistem\u0105 su \u201eThinQ\u201c agentu, energijos valdymu ir daugiau \u012fmontuojamos buitin\u0117s technikos.<\/p>\n","protected":false},"author":0,"featured_media":51478,"comment_status":"open","ping_status":"open","sticky":false,"template":"","format":"standard","meta":{"_acf_changed":false,"footnotes":""},"categories":[7],"tags":[5977,102,37889,39803,3494,35513,39804],"miestas":[],"class_list":["post-51477","post","type-post","status-publish","format-standard","has-post-thumbnail","hentry","category-technologijos","tag-buitine-technika","tag-dirbtinis-intelektas","tag-energijos-valdymas","tag-ifa-2026","tag-ismanieji-namai","tag-lg","tag-thinq"],"acf":[],"_links":{"self":[{"href":"https:\/\/cp.snarskis.lt\/index.php\/wp-json\/wp\/v2\/posts\/51477","targetHints":{"allow":["GET"]}}],"collection":[{"href":"https:\/\/cp.snarskis.lt\/index.php\/wp-json\/wp\/v2\/posts"}],"about":[{"href":"https:\/\/cp.snarskis.lt\/index.php\/wp-json\/wp\/v2\/types\/post"}],"replies":[{"embeddable":true,"href":"https:\/\/cp.snarskis.lt\/index.php\/wp-json\/wp\/v2\/comments?post=51477"}],"version-history":[{"count":0,"href":"https:\/\/cp.snarskis.lt\/index.php\/wp-json\/wp\/v2\/posts\/51477\/revisions"}],"wp:featuredmedia":[{"embeddable":true,"href":"https:\/\/cp.snarskis.lt\/index.php\/wp-json\/wp\/v2\/media\/51478"}],"wp:attachment":[{"href":"https:\/\/cp.snarskis.lt\/index.php\/wp-json\/wp\/v2\/media?parent=51477"}],"wp:term":[{"taxonomy":"category","embeddable":true,"href":"https:\/\/cp.snarskis.lt\/index.php\/wp-json\/wp\/v2\/categories?post=51477"},{"taxonomy":"post_tag","embeddable":true,"href":"https:\/\/cp.snarskis.lt\/index.php\/wp-json\/wp\/v2\/tags?post=51477"},{"taxonomy":"miestas","embeddable":true,"href":"https:\/\/cp.snarskis.lt\/index.php\/wp-json\/wp\/v2\/miestas?post=51477"}],"curies":[{"name":"wp","href":"https:\/\/api.w.org\/{rel}","templated":true}]}}