{"id":51486,"date":"2026-09-03T18:37:01","date_gmt":"2026-09-03T18:37:01","guid":{"rendered":"https:\/\/cp.snarskis.lt\/index.php\/2026\/09\/03\/turkijoje-aptiko-16-500-metu-figureles-25-akmeniniai-vezliai-leidzia-itarti-sena-rituala\/"},"modified":"2026-09-03T18:37:01","modified_gmt":"2026-09-03T18:37:01","slug":"turkijoje-aptiko-16-500-metu-figureles-25-akmeniniai-vezliai-leidzia-itarti-sena-rituala","status":"publish","type":"post","link":"https:\/\/cp.snarskis.lt\/index.php\/2026\/09\/03\/turkijoje-aptiko-16-500-metu-figureles-25-akmeniniai-vezliai-leidzia-itarti-sena-rituala\/","title":{"rendered":"Turkijoje aptiko 16 500 met\u0173 fig\u016br\u0117les: 25 akmeniniai v\u0117\u017eliai leid\u017eia \u012ftarti sen\u0105 ritual\u0105"},"content":{"rendered":"<p>\u0160iaur\u0117s vakar\u0173 Turkijoje, Bileciko provincijoje, archeologai Gedikkaya kalvos ir \u0130n olos komplekse aptiko apie 25 nedideles v\u0117\u017eli\u0173 fig\u016br\u0117les, i\u0161kaltas i\u0161 kalkakmenio. Dalis j\u0173 buvo papildomai aptepta moliu, o did\u017eiausia siekia ma\u017edaug 30 centimetr\u0173 ilg\u012f ir apie 20 centimetr\u0173 plot\u012f.<\/p>\n<p>Pagal radiokarboniniais tyrimais datuotus greta rastus organinius radinius, \u0161ie objektai gali b\u016bti sukurti ma\u017edaug prie\u0161 14 500\u201311 200 met\u0173 prie\u0161 m\u016bs\u0173 er\u0105. Tai b\u016bt\u0173 epipaleolito laikotarpis, kai bendruomen\u0117s Anatolijoje gyveno dideli\u0173 klimato ir socialini\u0173 poky\u010di\u0173 fone, art\u0117jant paskutinio ledynme\u010dio pabaigai.<\/p>\n<h2>Radini\u0173 vieta kelia klausim\u0173<\/h2>\n<p>Did\u017eiausi\u0105 tyr\u0117j\u0173 d\u0117mes\u012f patrauk\u0117 ne tik pats radinys, bet ir jo kontekstas. Fig\u016br\u0117l\u0117s aptiktos \u0161alia \u017eiedini\u0173 konstrukcij\u0173, o dalis j\u0173 buvo \u012fsmeigtos vertikaliai \u012f \u017eem\u0119, tarsi s\u0105moningai paliktos konkre\u010dioje pad\u0117tyje.<\/p>\n<p>Toks i\u0161d\u0117stymas leid\u017eia manyti, kad tai ne atsitiktinai pamesti daiktai, o tam tikros veiklos p\u0117dsakai. Archeolog\u0173 vertinimu, ola gal\u0117jo b\u016bti naudojama kaip ritualin\u0117 ar simbolin\u0117 vieta, o fig\u016br\u0117l\u0117s gal\u0117jo b\u016bti susijusios su apeigomis.<\/p>\n<h2>Skubotas atlikimas gali b\u016bti u\u017euomina<\/h2>\n<p>Ne\u012fprasta ir tai, kad dauguma fig\u016br\u0117li\u0173 atrodo grubiai apdorotos, kai kurios gali b\u016bti nebaigtos arba suformuotos skubotai. Tyr\u0117jai atkreipia d\u0117mes\u012f, kad dekoratyviniams objektams \u012fprastai b\u016bdingas kruop\u0161tesnis apdirbimas, o \u010dia svarbi gal\u0117jo b\u016bti pati gamybos veika.<\/p>\n<p>Tokiais atvejais archeologijoje da\u017enai svarstoma, jog reik\u0161mingiausias buvo ne galutinis estetinis rezultatas, o pats procesas, gal\u0117j\u0119s b\u016bti apeig\u0173 dalimi. Vis d\u0117lto galutini\u0173 i\u0161vad\u0173 kol kas vengiama, nes reikalingi detalesni kontekstiniai ir laboratoriniai tyrimai.<\/p>\n<h2>Kod\u0117l v\u0117\u017elys?<\/h2>\n<p>Tyr\u0117j\u0173 grup\u0117 neatmeta ir kra\u0161tovaizd\u017eio simbolikos: keliama hipotez\u0117, kad \u017emon\u0117s gal\u0117jo sieti Gedikkaya kalvos form\u0105 su v\u0117\u017eliu. Tokiu atveju pati vieta gal\u0117jo \u012fgyti ypating\u0105 reik\u0161m\u0119, o fig\u016br\u0117l\u0117s tapti jos simboliniais atitikmenimis.<\/p>\n<p>V\u0117\u017elio motyvas \u017einomas ir kitose Artim\u0173j\u0173 Ryt\u0173 bei Ryt\u0173 Vidur\u017eemio regiono prie\u0161istorin\u0117se kult\u016brose, ta\u010diau reik\u0161m\u0117s skyr\u0117si. Da\u017eniausiai \u0161is gyv\u016bnas sietas su ilgaam\u017ei\u0161kumu ir i\u0161tverme, ta\u010diau n\u0117ra ai\u0161ku, ar b\u016btent taip j\u012f suprato Anatolijos gyventojai prie\u0161 keliolika t\u016bkstan\u010di\u0173 met\u0173.<\/p>\n<p>Radini\u0173 konservavimas ir tolesn\u0117 analiz\u0117 vykdoma Bileciko muziejuje ir universitete, o mokslininkai tikisi tiksliau nustatyti fig\u016br\u0117li\u0173 paskirt\u012f. Sprend\u017eiant i\u0161 aptikimo aplinkybi\u0173, \u0161is atradimas papildo \u012frodymus, kad epipaleolito bendruomen\u0117s k\u016br\u0117 simbolinius objektus ir gal\u0117jo tur\u0117ti sud\u0117tingesnes ritualines praktikas, nei ilg\u0105 laik\u0105 manyta.<\/p>\n","protected":false},"excerpt":{"rendered":"<p>Turkijos oloje rastos 25 akmenin\u0117s v\u0117\u017eli\u0173 fig\u016br\u0117l\u0117s gali b\u016bti 16 500 met\u0173 senumo ir, sprend\u017eiant i\u0161 j\u0173 i\u0161d\u0117stymo, susijusios su ritualais.<\/p>\n","protected":false},"author":0,"featured_media":51487,"comment_status":"open","ping_status":"open","sticky":false,"template":"","format":"standard","meta":{"_acf_changed":false,"footnotes":""},"categories":[10],"tags":[20449,850,39815,39814,882,853,39816],"miestas":[],"class_list":["post-51486","post","type-post","status-publish","format-standard","has-post-thumbnail","hentry","category-mokslas","tag-anatolija","tag-archeologija","tag-bilecikas","tag-epipaleolitas","tag-radiokarboninis-datavimas","tag-turkija","tag-vezliai"],"acf":[],"_links":{"self":[{"href":"https:\/\/cp.snarskis.lt\/index.php\/wp-json\/wp\/v2\/posts\/51486","targetHints":{"allow":["GET"]}}],"collection":[{"href":"https:\/\/cp.snarskis.lt\/index.php\/wp-json\/wp\/v2\/posts"}],"about":[{"href":"https:\/\/cp.snarskis.lt\/index.php\/wp-json\/wp\/v2\/types\/post"}],"replies":[{"embeddable":true,"href":"https:\/\/cp.snarskis.lt\/index.php\/wp-json\/wp\/v2\/comments?post=51486"}],"version-history":[{"count":0,"href":"https:\/\/cp.snarskis.lt\/index.php\/wp-json\/wp\/v2\/posts\/51486\/revisions"}],"wp:featuredmedia":[{"embeddable":true,"href":"https:\/\/cp.snarskis.lt\/index.php\/wp-json\/wp\/v2\/media\/51487"}],"wp:attachment":[{"href":"https:\/\/cp.snarskis.lt\/index.php\/wp-json\/wp\/v2\/media?parent=51486"}],"wp:term":[{"taxonomy":"category","embeddable":true,"href":"https:\/\/cp.snarskis.lt\/index.php\/wp-json\/wp\/v2\/categories?post=51486"},{"taxonomy":"post_tag","embeddable":true,"href":"https:\/\/cp.snarskis.lt\/index.php\/wp-json\/wp\/v2\/tags?post=51486"},{"taxonomy":"miestas","embeddable":true,"href":"https:\/\/cp.snarskis.lt\/index.php\/wp-json\/wp\/v2\/miestas?post=51486"}],"curies":[{"name":"wp","href":"https:\/\/api.w.org\/{rel}","templated":true}]}}