{"id":51533,"date":"2026-09-03T21:58:09","date_gmt":"2026-09-03T21:58:09","guid":{"rendered":"https:\/\/cp.snarskis.lt\/index.php\/2026\/09\/03\/jei-megstate-sia-spalva-mokslininkai-turi-zinia-ji-siejama-su-analitiniu-mastymu\/"},"modified":"2026-09-03T21:58:09","modified_gmt":"2026-09-03T21:58:09","slug":"jei-megstate-sia-spalva-mokslininkai-turi-zinia-ji-siejama-su-analitiniu-mastymu","status":"publish","type":"post","link":"https:\/\/cp.snarskis.lt\/index.php\/2026\/09\/03\/jei-megstate-sia-spalva-mokslininkai-turi-zinia-ji-siejama-su-analitiniu-mastymu\/","title":{"rendered":"Jei m\u0117gstate \u0161i\u0105 spalv\u0105, mokslininkai turi \u017eini\u0105: ji siejama su analitiniu m\u0105stymu"},"content":{"rendered":"<p>Spalvos, kurias renkam\u0117s drabu\u017eiams ar nam\u0173 interjerui, da\u017enai laikomos skonio reikalu, ta\u010diau psichologijoje jos siejamos ir su savijauta bei elgsena. Tyr\u0117jai pabr\u0117\u017eia, kad spalvin\u0117s preferencijos gali atspind\u0117ti, kokios aplinkos \u017emogus ie\u0161ko nor\u0117damas nusiraminti, susikaupti ar jaustis u\u017etikrin\u010diau.<\/p>\n<p>Pastaraisiais metais publikacijose, ap\u017evelgian\u010diose spalv\u0173 poveik\u012f, da\u017enai minimas m\u0117lynas atspalvis. Kai kuriuose tyrimuose ir duomen\u0173 ap\u017evalgose nurodoma, kad m\u0117lyna spalva da\u017eniau patinka \u017emon\u0117ms, kuri\u0173 kasdienyb\u0117je daug analitini\u0173 u\u017eduo\u010di\u0173, o akademin\u0117je aplinkoje ji neretai siejama su tiksli\u0173j\u0173 ir technologini\u0173 kryp\u010di\u0173 studijomis.<\/p>\n<p>M\u0117lyna spalva psichologijos literat\u016broje da\u017enai apib\u016bdinama kaip siejama su ramybe, tvarka ir nusp\u0117jamumu. D\u0117l \u0161i\u0173 asociacij\u0173 ji gali b\u016bti patraukli tiems, kuriems svarbu stabilumas, ai\u0161kios taisykl\u0117s ir susikaupimas, ypa\u010d dirbant su informacija ar sprend\u017eiant sud\u0117tingas problemas.<\/p>\n<p>Ekspertai taip pat pabr\u0117\u017eia, kad spalvos veikia ne tik per simbolines reik\u0161mes, bet ir per aplinkos signalus. M\u0117lyni tonai da\u017enai pasirenkami biur\u0173 erdv\u0117se, finans\u0173 ar technologij\u0173 sektoriuje, nes tokia vizualin\u0117 kalba gali kurti patikimumo ir profesionalumo \u012fsp\u016bd\u012f, o darbuotojams pad\u0117ti palaikyti ramesn\u012f darbo ritm\u0105.<\/p>\n<p>Vis d\u0117lto mokslininkai akcentuoja esmin\u012f niuans\u0105: m\u0117gstama spalva tiesiogiai nepadidina intelekto koeficiento. Grei\u010diau tai susij\u0119 su tuo, kokias s\u0105lygas \u017emogus susikuria produktyvumui, ir kaip jis nori b\u016bti matomas kit\u0173, pavyzd\u017eiui, kaip racionalus, patikimas ar gerai valdantis emocijas.<\/p>\n<p>Tad jei instinktyviai renkat\u0117s m\u0117lyn\u0105, tai gali reik\u0161ti, kad vertinate ramyb\u0119, strukt\u016br\u0105 ir susikaupim\u0105. O tokie \u012fpro\u010diai neretai sutampa su \u017emoni\u0173, kurie nuosekliai mokosi ir siekia tobul\u0117ti, gyvenimo b\u016bdu, net jei pati spalva intelekto tiesiogiai ir nelemia.<\/p>\n","protected":false},"excerpt":{"rendered":"<p>M\u0117lyna da\u017enai siejama su ramybe ir susikaupimu: tyr\u0117jai ai\u0161kina, kod\u0117l j\u0105 renkasi analitinio m\u0105stymo \u017emon\u0117s ir k\u0105 tai i\u0161 ties\u0173 rei\u0161kia.<\/p>\n","protected":false},"author":0,"featured_media":51534,"comment_status":"open","ping_status":"open","sticky":false,"template":"","format":"standard","meta":{"_acf_changed":false,"footnotes":""},"categories":[13],"tags":[2585,16794,5918,31187,9000,1498],"miestas":[],"class_list":["post-51533","post","type-post","status-publish","format-standard","has-post-thumbnail","hentry","category-kultura","tag-asmenybe","tag-intelektas","tag-koncentracija","tag-melyna-spalva","tag-spalvu-psichologija","tag-stresas"],"acf":[],"_links":{"self":[{"href":"https:\/\/cp.snarskis.lt\/index.php\/wp-json\/wp\/v2\/posts\/51533","targetHints":{"allow":["GET"]}}],"collection":[{"href":"https:\/\/cp.snarskis.lt\/index.php\/wp-json\/wp\/v2\/posts"}],"about":[{"href":"https:\/\/cp.snarskis.lt\/index.php\/wp-json\/wp\/v2\/types\/post"}],"replies":[{"embeddable":true,"href":"https:\/\/cp.snarskis.lt\/index.php\/wp-json\/wp\/v2\/comments?post=51533"}],"version-history":[{"count":0,"href":"https:\/\/cp.snarskis.lt\/index.php\/wp-json\/wp\/v2\/posts\/51533\/revisions"}],"wp:featuredmedia":[{"embeddable":true,"href":"https:\/\/cp.snarskis.lt\/index.php\/wp-json\/wp\/v2\/media\/51534"}],"wp:attachment":[{"href":"https:\/\/cp.snarskis.lt\/index.php\/wp-json\/wp\/v2\/media?parent=51533"}],"wp:term":[{"taxonomy":"category","embeddable":true,"href":"https:\/\/cp.snarskis.lt\/index.php\/wp-json\/wp\/v2\/categories?post=51533"},{"taxonomy":"post_tag","embeddable":true,"href":"https:\/\/cp.snarskis.lt\/index.php\/wp-json\/wp\/v2\/tags?post=51533"},{"taxonomy":"miestas","embeddable":true,"href":"https:\/\/cp.snarskis.lt\/index.php\/wp-json\/wp\/v2\/miestas?post=51533"}],"curies":[{"name":"wp","href":"https:\/\/api.w.org\/{rel}","templated":true}]}}