{"id":51544,"date":"2026-09-03T23:00:52","date_gmt":"2026-09-03T23:00:52","guid":{"rendered":"https:\/\/cp.snarskis.lt\/index.php\/2026\/09\/03\/amal-clooney-venecijoje-visus-uzgoze-minimalizmu-sukneles-detale-sukele-aziotaza\/"},"modified":"2026-09-03T23:00:52","modified_gmt":"2026-09-03T23:00:52","slug":"amal-clooney-venecijoje-visus-uzgoze-minimalizmu-sukneles-detale-sukele-aziotaza","status":"publish","type":"post","link":"https:\/\/cp.snarskis.lt\/index.php\/2026\/09\/03\/amal-clooney-venecijoje-visus-uzgoze-minimalizmu-sukneles-detale-sukele-aziotaza\/","title":{"rendered":"Amal Clooney Venecijoje visus u\u017ego\u017e\u0117 minimalizmu: suknel\u0117s detal\u0117 suk\u0117l\u0117 a\u017eiota\u017e\u0105"},"content":{"rendered":"<p>Venecijos kino festivalio prad\u017ei\u0105 lyd\u0117jo ne tik premjeros ir \u017evaig\u017ed\u017ei\u0173 d\u0117mesys, bet ir ry\u0161k\u016bs mados momentai ant raudonojo kilimo. \u012e Sali Grande atvyko George\u2019as ir Amal Clooney, o fotograf\u0173 akys, kaip da\u017enai nutinka, pirmiausia krypo \u012f \u017einom\u0105 brit\u0173 teisinink\u0119.<\/p>\n<p>\u0160\u012f kart\u0105 Amal Clooney pasirinko minimalistin\u0119, bet itin rafinuot\u0105 krypt\u012f. Ji vilk\u0117jo ilg\u0105 juod\u0105 kolonos silueto suknel\u0119, kuri\u0105 jai individualiai suk\u016br\u0117 Haideris Ackermannas, dirb\u0119s mados namams \u201eTom Ford\u201c.<\/p>\n<p>Klasikin\u012f \u012fvaizd\u012f i\u0161skyr\u0117 subtilios, beveik nepastebimos petne\u0161\u0117l\u0117s ir kruop\u0161\u010diai suformuotas suknel\u0117s vir\u0161us, o audinio klost\u0117s suteik\u0117 tekst\u016bros ir gylio. Dalis petne\u0161\u0117li\u0173 krito laisviau, tod\u0117l grie\u017etas siluetas \u012fgavo lengvumo ir judesio.<\/p>\n<p>Did\u017eiausio d\u0117mesio sulauk\u0117 viena detal\u0117, laikoma dr\u0105sesniu akcentu minimalistin\u0117je estetikoje: gilesnis skeltukas suknel\u0117s apa\u010dioje. B\u016btent jis leido i\u0161ry\u0161kinti avalyn\u0119 ir dar labiau pabr\u0117\u017e\u0117 laikysen\u0105, kuria gars\u0117ja \u0161i vie\u0161umoje retai suklystanti stiliaus ikona.<\/p>\n<p>Suknel\u0119 papild\u0117 juodi lakuoti auk\u0161takulniai smailia nosimi ir nedidel\u0117 juoda odin\u0117 delninuk\u0117, i\u0161laikanti vientis\u0105 stilistik\u0105. Tokio tipo derinys pastaraisiais metais tapo viena ry\u0161kiausi\u0173 raudonojo kilimo tendencij\u0173, kai viena ai\u0161ki, gryna forma pakei\u010dia perteklin\u012f dekor\u0105.<\/p>\n<p>Minimalizmas tapo idealiu fonu papuo\u0161alams: Amal Clooney pasirinko ry\u0161kius brangakmeni\u0173 auskarus ir derant\u012f \u017eied\u0105, o \u012fvaizd\u012f u\u017ebaig\u0117 spindinti apyrank\u0117. Tokia strategija da\u017enai naudojama auk\u0161tojoje madoje, kai vienas ar du akcentai sukuria prabangos \u012fsp\u016bd\u012f, neperkraunant bendro vaizdo.<\/p>\n<p>Jos \u0161ukuosena liko atpa\u017e\u012fstama: \u0161velnios, apimties turin\u010dios banguotos sruogos su \u0161iltesniais atspalviais. Makia\u017ee dominavo eleganti\u0161kai pary\u0161kintos akys ir subtili ro\u017ein\u0117 tonacija, kuri raudonojo kilimo ap\u0161vietime atrodo nat\u016braliai ir fotografijose i\u0161lieka \u0161vari.<\/p>\n<p>Venecijos kino festivalis tradici\u0161kai laikomas viena svarbiausi\u0173 pasaulio kino ir mados scen\u0173, kur sprendimai ant raudonojo kilimo greitai tampa sezono nuorodomis. Amal Clooney pasirodymas dar kart\u0105 parod\u0117, kad kartais did\u017eiausi\u0105 efekt\u0105 sukuria ne gausa, o precizi\u0161kai apgalvotas paprastumas.<\/p>\n","protected":false},"excerpt":{"rendered":"<p>Venecijos kino festivalyje Amal Clooney pasirinko minimalistin\u0119 juod\u0105 suknel\u0119, ta\u010diau viena detal\u0117 pavert\u0117 \u012fvaizd\u012f vakar\u0117lio sensacija.<\/p>\n","protected":false},"author":0,"featured_media":51545,"comment_status":"open","ping_status":"open","sticky":false,"template":"","format":"standard","meta":{"_acf_changed":false,"footnotes":""},"categories":[13],"tags":[16162,4822,16161,8620,34438,31640],"miestas":[],"class_list":["post-51544","post","type-post","status-publish","format-standard","has-post-thumbnail","hentry","category-kultura","tag-amal-clooney","tag-aukstoji-mada","tag-george-clooney","tag-raudonasis-kilimas","tag-tom-ford","tag-venecijos-kino-festivalis"],"acf":[],"_links":{"self":[{"href":"https:\/\/cp.snarskis.lt\/index.php\/wp-json\/wp\/v2\/posts\/51544","targetHints":{"allow":["GET"]}}],"collection":[{"href":"https:\/\/cp.snarskis.lt\/index.php\/wp-json\/wp\/v2\/posts"}],"about":[{"href":"https:\/\/cp.snarskis.lt\/index.php\/wp-json\/wp\/v2\/types\/post"}],"replies":[{"embeddable":true,"href":"https:\/\/cp.snarskis.lt\/index.php\/wp-json\/wp\/v2\/comments?post=51544"}],"version-history":[{"count":0,"href":"https:\/\/cp.snarskis.lt\/index.php\/wp-json\/wp\/v2\/posts\/51544\/revisions"}],"wp:featuredmedia":[{"embeddable":true,"href":"https:\/\/cp.snarskis.lt\/index.php\/wp-json\/wp\/v2\/media\/51545"}],"wp:attachment":[{"href":"https:\/\/cp.snarskis.lt\/index.php\/wp-json\/wp\/v2\/media?parent=51544"}],"wp:term":[{"taxonomy":"category","embeddable":true,"href":"https:\/\/cp.snarskis.lt\/index.php\/wp-json\/wp\/v2\/categories?post=51544"},{"taxonomy":"post_tag","embeddable":true,"href":"https:\/\/cp.snarskis.lt\/index.php\/wp-json\/wp\/v2\/tags?post=51544"},{"taxonomy":"miestas","embeddable":true,"href":"https:\/\/cp.snarskis.lt\/index.php\/wp-json\/wp\/v2\/miestas?post=51544"}],"curies":[{"name":"wp","href":"https:\/\/api.w.org\/{rel}","templated":true}]}}