{"id":51549,"date":"2026-09-04T01:00:48","date_gmt":"2026-09-04T01:00:48","guid":{"rendered":"https:\/\/cp.snarskis.lt\/index.php\/2026\/09\/04\/vilniaus-dienos-jau-rytoj-eismo-ribojimai-dronu-sou-ir-svarbiausi-akcentai-lankytojams\/"},"modified":"2026-09-04T01:00:48","modified_gmt":"2026-09-04T01:00:48","slug":"vilniaus-dienos-jau-rytoj-eismo-ribojimai-dronu-sou-ir-svarbiausi-akcentai-lankytojams","status":"publish","type":"post","link":"https:\/\/cp.snarskis.lt\/index.php\/2026\/09\/04\/vilniaus-dienos-jau-rytoj-eismo-ribojimai-dronu-sou-ir-svarbiausi-akcentai-lankytojams\/","title":{"rendered":"\u201eVilniaus dienos\u201c jau rytoj: eismo ribojimai, dron\u0173 \u0161ou ir svarbiausi akcentai lankytojams"},"content":{"rendered":"<p>Vilniuje jau rytoj prasid\u0117s tris dienas truksiantis festivalis \u201eVilniaus dienos\u201c, \u012f miesto centr\u0105 sutrauksiantis t\u016bkstan\u010dius lankytoj\u0173. Renginiai vyks keliose pagrindin\u0117se erdv\u0117se, tod\u0117l organizatoriai ragina i\u0161 anksto susiplanuoti mar\u0161rut\u0105 ir \u012fvertinti eismo poky\u010dius.<\/p>\n<p>Festivalio programa nuvilnys per Katedros aik\u0161t\u0119, Gedimino prospekt\u0105, Vinco Kudirkos ir Luki\u0161ki\u0173 aik\u0161tes, Baltojo tilto prieigas bei Neries krantin\u0119. Skirtingose vietose vienu metu vyks koncertai, sporto veiklos, k\u016brybin\u0117s iniciatyvos ir gastronomijos renginiai, tad patogiausia jud\u0117ti p\u0117s\u010diomis arba vie\u0161uoju transportu.<\/p>\n<h2>Startas \u2013 mar\u0161o paradas centre<\/h2>\n<p>Festivalio prad\u017ei\u0105 skambiai pa\u017eym\u0117s Lietuvos policijos reprezentacinis pu\u010diam\u0173j\u0173 orkestras. Jis Gedimino prospekte ir prie scenos Vinco Kudirkos aik\u0161t\u0117je pristatys program\u0105 \u201eBaltosios naktys\u201c, o mar\u0161o paradas startuos prie Katedros.<\/p>\n<p>Organizatoriai pabr\u0117\u017eia, kad did\u017eiausi \u017emoni\u0173 srautai prognozuojami senamiestyje ir Gedimino prospekto atkarpose, tod\u0117l verta atvykti anks\u010diau. Tai ypa\u010d aktualu \u0161eimoms su vaikais ir norintiems patogiau \u012fsitaisyti prie pagrindini\u0173 scen\u0173.<\/p>\n<h2>\u0160eimoms ir aktyviems \u2013 visam savaitgaliui<\/h2>\n<p>\u0160eimos su vaikais kvie\u010diamos \u012f Baltojo tilto pievoje veikian\u010di\u0105 pramog\u0173 erdv\u0119, kur numatyti judrieji \u017eaidimai, batutai, kli\u016b\u010di\u0173 ruo\u017eai ir k\u016brybin\u0117s dirbtuv\u0117s. Netoliese Neries krantin\u0117je veiks gatv\u0117s maisto zona, kurioje \u017eadama daugiau nei dvi de\u0161imtys restoran\u0173 ant rat\u0173.<\/p>\n<p>Ie\u0161kantiems aktyvesnio laisvalaikio si\u016bloma u\u017esukti \u012f Luki\u0161ki\u0173 aik\u0161t\u0119 ir Baltojo tilto sporto aik\u0161tyn\u0105, kur vyks Vilniaus sporto festivalio veiklos. Programoje numatyta daugiau nei 100 sporto ir aktyvaus laisvalaikio u\u017esi\u0117mim\u0173, o dalis veikl\u0173 persikels ir \u012f Ner\u012f, kur planuojamas masinis plaukimas baidar\u0117mis.<\/p>\n<p>Literat\u016bros m\u0117g\u0117j\u0173 lauks renginiai prie Katedros paviljone, prie Lietuvos nacionalinio dramos teatro ir Vilniaus literat\u0173 namuose. \u0160\u012fkart beveik 40 rengini\u0173 programoje akcentuojama Vilniaus istorija ir vaik\u0173 literat\u016bra.<\/p>\n<h2>Vakarais \u2013 koncertai ir dron\u0173 \u0161ou<\/h2>\n<p>Did\u017eiojoje scenoje Katedros aik\u0161t\u0117je suplanuoti ry\u0161kiausi vakaro koncertai: penktadien\u012f pasirodys \u201eKamani\u0173 \u0161ilelis\u201c ir Free Finga, \u0161e\u0161tadien\u012f \u2013 Justinas Jarutis ir Donatas Montvydas. Keturiose scenose skamb\u0117s \u012fvairi\u0173 \u017eanr\u0173 muzika \u2013 nuo populiariosios ir alternatyviosios iki elektronikos, roko ir metalo.<\/p>\n<p>Naujiena programoje \u2013 dron\u0173 \u0161ou prie Baltojo tilto, numatytas penktadien\u012f ir \u0161e\u0161tadien\u012f v\u0117lai vakare. Pasirodymas tur\u0117t\u0173 trukti apie 15 minu\u010di\u0173 ir pasakoti Vilniaus istorij\u0105, ta\u010diau organizatoriai pabr\u0117\u017eia, kad viskas priklausys nuo oro s\u0105lyg\u0173, nes esant nepalankioms meteorologin\u0117ms s\u0105lygoms skryd\u017eiai gali b\u016bti at\u0161aukti.<\/p>\n<p>Jaunesnei auditorijai si\u016blomas naktinis formatas \u201eVilniaus naktys\u201c, suteiksiantis galimyb\u0119 jud\u0117ti tarp keli\u0173 Vilniaus klub\u0173 su vienu bilietu. Muzikin\u0119 program\u0105 papildys ir gyvi humoro pasirodymai Neries krantin\u0117je prie Baltojo tilto.<\/p>\n<p>Festivalio metu miesto centre bus taikomi laikini eismo ribojimai, dalis vie\u0161ojo transporto mar\u0161rut\u0173 kursuos da\u017eniau. Planuojantiems atvykti automobiliu patariama \u012fsivertinti u\u017edarytas atkarpas, parkavimo galimybes ir kelionei skirti daugiau laiko.<\/p>\n<p>Organizatoriai ragina prie\u0161 atvykstant per\u017ei\u016br\u0117ti program\u0105 ir pasirinkti prioritetinius renginius, nes jie vyks skirtingose vietose ir skirtingu metu. Tokiu b\u016bdu galima i\u0161vengti sp\u016bs\u010di\u0173, sutaupyti laiko ir patogiau suplanuoti jud\u0117jim\u0105 tarp festivalio erdvi\u0173.<\/p>\n","protected":false},"excerpt":{"rendered":"<p>\u201eVilniaus dienos\u201c startuoja jau rytoj: svarbiausi renginiai, eismo ribojimai, vie\u0161asis transportas ir kada vyks dron\u0173 \u0161ou prie Baltojo tilto.<\/p>\n","protected":false},"author":0,"featured_media":51550,"comment_status":"open","ping_status":"open","sticky":false,"template":"","format":"standard","meta":{"_acf_changed":false,"footnotes":""},"categories":[15],"tags":[27903,2889,2951,5822,617,6526,1157],"miestas":[72],"class_list":["post-51549","post","type-post","status-publish","format-standard","has-post-thumbnail","hentry","category-regionai","tag-dronu-sou","tag-eismo-ribojimai","tag-gedimino-prospektas","tag-katedros-aikste","tag-viesasis-transportas","tag-vilniaus-dienos","tag-vilnius","miestas-vilniaus-miesto-savivaldybe"],"acf":[],"_links":{"self":[{"href":"https:\/\/cp.snarskis.lt\/index.php\/wp-json\/wp\/v2\/posts\/51549","targetHints":{"allow":["GET"]}}],"collection":[{"href":"https:\/\/cp.snarskis.lt\/index.php\/wp-json\/wp\/v2\/posts"}],"about":[{"href":"https:\/\/cp.snarskis.lt\/index.php\/wp-json\/wp\/v2\/types\/post"}],"replies":[{"embeddable":true,"href":"https:\/\/cp.snarskis.lt\/index.php\/wp-json\/wp\/v2\/comments?post=51549"}],"version-history":[{"count":0,"href":"https:\/\/cp.snarskis.lt\/index.php\/wp-json\/wp\/v2\/posts\/51549\/revisions"}],"wp:featuredmedia":[{"embeddable":true,"href":"https:\/\/cp.snarskis.lt\/index.php\/wp-json\/wp\/v2\/media\/51550"}],"wp:attachment":[{"href":"https:\/\/cp.snarskis.lt\/index.php\/wp-json\/wp\/v2\/media?parent=51549"}],"wp:term":[{"taxonomy":"category","embeddable":true,"href":"https:\/\/cp.snarskis.lt\/index.php\/wp-json\/wp\/v2\/categories?post=51549"},{"taxonomy":"post_tag","embeddable":true,"href":"https:\/\/cp.snarskis.lt\/index.php\/wp-json\/wp\/v2\/tags?post=51549"},{"taxonomy":"miestas","embeddable":true,"href":"https:\/\/cp.snarskis.lt\/index.php\/wp-json\/wp\/v2\/miestas?post=51549"}],"curies":[{"name":"wp","href":"https:\/\/api.w.org\/{rel}","templated":true}]}}