{"id":51552,"date":"2026-09-04T01:01:44","date_gmt":"2026-09-04T01:01:44","guid":{"rendered":"https:\/\/cp.snarskis.lt\/index.php\/2026\/09\/04\/vingio-parko-pirtys-grizta-su-naujomis-taisyklemis-stai-kas-pasikeite-po-vilnieciu-kritikos\/"},"modified":"2026-09-04T01:01:44","modified_gmt":"2026-09-04T01:01:44","slug":"vingio-parko-pirtys-grizta-su-naujomis-taisyklemis-stai-kas-pasikeite-po-vilnieciu-kritikos","status":"publish","type":"post","link":"https:\/\/cp.snarskis.lt\/index.php\/2026\/09\/04\/vingio-parko-pirtys-grizta-su-naujomis-taisyklemis-stai-kas-pasikeite-po-vilnieciu-kritikos\/","title":{"rendered":"Vingio parko pirtys gr\u012f\u017eta su naujomis taisykl\u0117mis: \u0161tai kas pasikeit\u0117 po vilnie\u010di\u0173 kritikos"},"content":{"rendered":"<p>Vilniaus miesto savivaldyb\u0117 skelbia, kad pristatys galutinius Vingio parko papl\u016bdimyje planuojam\u0173 pir\u010di\u0173 ir infrastrukt\u016bros sprendinius. Po pavasar\u012f vykusio vie\u0161o aptarimo projektas buvo koreguotas, \u012fvertinus gyventoj\u0173 pastabas d\u0117l architekt\u016bros, tak\u0173, priva\u017eiavimo ir aplinkosaugos.<\/p>\n<p>Atnaujinti projektiniai pasi\u016blymai visuomenei bus pristatyti rugs\u0117jo 15 dien\u0105 18 valand\u0105 VU botanikos sodo Vingio skyriuje, M. K. \u010ciurlionio gatv\u0117je. Savivaldyb\u0117 teigia siekianti, kad teritorija b\u016bt\u0173 patogesn\u0117 ir tinkama lankyti ne tik vasar\u0105, bet ir \u0161altuoju sezonu.<\/p>\n<p>\u201ePo diskusij\u0173 sprendinius reik\u0161mingai pakeit\u0117me, kad papl\u016bdimio erdv\u0117 b\u016bt\u0173 patogesn\u0117 ir kokybi\u0161kesn\u0117 vilnie\u010diams \u012fvairiais met\u0173 laikais\u201c, \u2013 sak\u0117 Vilniaus miesto savivaldyb\u0117s administracijos direktorius Adomas Bu\u017einskas.<\/p>\n<h2>Daugiau laisv\u0117s architekt\u016brai<\/h2>\n<p>Vienas ry\u0161kiausi\u0173 poky\u010di\u0173 \u2013 pir\u010di\u0173 architekt\u016bros reikalavim\u0173 per\u017ei\u016bra. Jei anks\u010diau daliai gyventoj\u0173 klausim\u0173 k\u0117l\u0117 numatyta konkretesn\u0117 estetin\u0117 kryptis, dabar s\u0105lygos suformuluotos abstrak\u010diau, paliekant daugiau erdv\u0117s k\u016brybi\u0161kiems sprendiniams.<\/p>\n<p>Pasak savivaldyb\u0117s, i\u0161 anksto apibr\u0117\u017eiami tik rekomenduojami t\u016briai ir fasad\u0173 med\u017eiag\u0173 spektras, kad pirtys der\u0117t\u0173 prie Vingio parko aplinkos. \u0160is principas da\u017enai taikomas, kai siekiama u\u017etikrinti kokyb\u0119, bet kartu i\u0161vengti vieno, i\u0161 anksto nulemto dizaino.<\/p>\n<p>Numatyta, kad trys pirtys ir dalis infrastrukt\u016bros b\u016bt\u0173 kilnojami sprendiniai, o ne nuolatiniai statiniai. Pirtys, terasos, tualetas ir gelb\u0117toj\u0173 postas planuojami montuoti ant modulini\u0173, perkeliam\u0173 pagrind\u0173, kad intervencija \u012f grunt\u0105 b\u016bt\u0173 kuo ma\u017eesn\u0117.<\/p>\n<p>Savivaldyb\u0117 primena, kad kilnojamumo principas taikomas remiantis Valstybin\u0117s teritorij\u0173 planavimo ir statybos inspekcijos praktika: perkeliamas objektas, kurio nereikia ardyti ir nekei\u010diamas jo naudojimas, paprastai nelaikomas statiniu.<\/p>\n<h2>Ko tr\u016bksta papl\u016bdimiui \u0161iandien?<\/h2>\n<p>Projektas apima ne tik pirtis, bet ir platesn\u012f papl\u016bdimio atnaujinim\u0105. Savivaldyb\u0117 teigia, kad teritorijoje \u0161iuo metu tr\u016bksta kasdieniam naudojimui b\u016btinos infrastrukt\u016bros, pirmiausia tualet\u0173, du\u0161\u0173 ir patogi\u0173 sprendini\u0173 \u017emon\u0117ms su negalia.<\/p>\n<p>Numatoma \u012frengti tualetus, du\u0161us, gelb\u0117toj\u0173 post\u0105, terasas ir kitus ma\u017eosios infrastrukt\u016bros elementus. Taip pat planuojama dvira\u010di\u0173 remonto stotel\u0117 ir sprendiniai, skirti \u0161varesnei aplinkai, pavyzd\u017eiui, \u0161iuk\u0161liad\u0117\u017e\u0117s augintini\u0173 ekskrementams.<\/p>\n<p>Greta papl\u016bdimio esantys pastatai \u012f \u0161\u012f projekt\u0105 ne\u012ftraukiami, nes priklauso valstybei ir patik\u0117jimo teise yra valdomi Vilniaus universiteto. Miestas pabr\u0117\u017eia, kad \u0161iuo etapu koncentruojasi \u012f jam priklausan\u010dios teritorijos sutvarkym\u0105.<\/p>\n<h2>Priva\u017eiavimas bus, bet aik\u0161teli\u0173 neplanuoja<\/h2>\n<p>Koreguojant sprendinius daugiau d\u0117mesio skirta jud\u0117jimui: tikslintos p\u0117s\u010di\u0173j\u0173 trajektorijos, dalis tak\u0173 projektuojami su mul\u010dio danga, kad teritorija i\u0161laikyt\u0173 nat\u016bralesn\u012f charakter\u012f. Taip pat pakeistas priva\u017eiavimo dangos sprendimas.<\/p>\n<p>Anks\u010diau aptariamas asfaltuotas priva\u017eiavimas po pastab\u0173 kei\u010diamas \u012f trinkeli\u0173 dang\u0105, kuri, savivaldyb\u0117s vertinimu, labiau dera parkui. Priva\u017eiavimas paliekamas b\u016btinas, kad papl\u016bdim\u012f pasiekt\u0173 \u017emon\u0117s su negalia, greitoji medicinos pagalba, ugniagesiai ir teritorij\u0105 aptarnaujantis transportas.<\/p>\n<p>Nauj\u0173 automobili\u0173 stov\u0117jimo aik\u0161teli\u0173 projekte nenumatoma. Prie papl\u016bdimio planuojamos tik 8 vietos, skirtos \u017emon\u0117ms su negalia, aptarnaujan\u010diam transportui ir maisto furgon\u0117liams.<\/p>\n<h2>Vaik\u0173 aik\u0161tel\u0119 atskyr\u0117 \u012f kit\u0105 etap\u0105<\/h2>\n<p>Po vie\u0161inimo pakeistas ir vaik\u0173 \u017eaidim\u0173 aik\u0161tel\u0117s klausimas: ji nebetvirtinama \u0161iame etape. Savivaldyb\u0117 teigia, kad sprendiniai bus rengiami atskirai, kad b\u016bt\u0173 daugiau laiko koncepcijai, \u012frangai ir architekt\u016brinei i\u0161rai\u0161kai suderinti.<\/p>\n<p>Pirmuoju etapu d\u0117mesys bus skiriamas papl\u016bdimio ir pagrindin\u0117s infrastrukt\u016bros sutvarkymui. Toks etapavimas leid\u017eia grei\u010diau spr\u0119sti svarbiausius higienos, saugumo ir prieinamumo klausimus, o sud\u0117tingesnius sprendinius derinti pla\u010diau.<\/p>\n<p>Aplinkosaugos dalyje numatyta pa\u0161alinti 45 invazinius uosialapius klevus ir balta\u017eiedes robinijas, jas pakei\u010diant Vingio parkui b\u016bdingais augalais. Taip pat planuojama pa\u0161alinti tris saugomus med\u017eius, i\u0161 kuri\u0173 du \u2013 d\u0117l labai prastos b\u016bkl\u0117s.<\/p>\n<p>Projekte papildytas lietaus nuotek\u0173 tvarkymas: numatytos sausbal\u0117s, kurios padeda lietaus vandeniui susigerti vietoje ir ma\u017eina pavir\u0161ini\u0173 nuotek\u0173 apkrov\u0105. Savivaldyb\u0117 nurodo, kad sprendiniai suderinti su Valstybine saugom\u0173 teritorij\u0173 tarnyba, o poveikio aplinkai vertinimas, \u012fvertinus \u201eNatura 2000\u201c reikalavimus, \u0161iam projektui nepriskirtas kaip b\u016btinas.<\/p>\n","protected":false},"excerpt":{"rendered":"<p>Vilnius rugs\u0117jo 15 dien\u0105 pristatys atnaujintus Vingio parko pir\u010di\u0173 sprendinius: daugiau laisv\u0117s architekt\u016brai, nauj\u0173 aik\u0161teli\u0173 nebus, kei\u010diasi takai.<\/p>\n","protected":false},"author":0,"featured_media":51553,"comment_status":"open","ping_status":"open","sticky":false,"template":"","format":"standard","meta":{"_acf_changed":false,"footnotes":""},"categories":[15],"tags":[39869,11720,13195,2946,1283,12792,5106],"miestas":[72],"class_list":["post-51552","post","type-post","status-publish","format-standard","has-post-thumbnail","hentry","category-regionai","tag-miesto-papludimiai","tag-natura-2000","tag-pirtys","tag-vilniaus-miesto-savivaldybe","tag-vilniaus-universitetas","tag-vingio-parkas","tag-zeldynai","miestas-vilniaus-miesto-savivaldybe"],"acf":[],"_links":{"self":[{"href":"https:\/\/cp.snarskis.lt\/index.php\/wp-json\/wp\/v2\/posts\/51552","targetHints":{"allow":["GET"]}}],"collection":[{"href":"https:\/\/cp.snarskis.lt\/index.php\/wp-json\/wp\/v2\/posts"}],"about":[{"href":"https:\/\/cp.snarskis.lt\/index.php\/wp-json\/wp\/v2\/types\/post"}],"replies":[{"embeddable":true,"href":"https:\/\/cp.snarskis.lt\/index.php\/wp-json\/wp\/v2\/comments?post=51552"}],"version-history":[{"count":0,"href":"https:\/\/cp.snarskis.lt\/index.php\/wp-json\/wp\/v2\/posts\/51552\/revisions"}],"wp:featuredmedia":[{"embeddable":true,"href":"https:\/\/cp.snarskis.lt\/index.php\/wp-json\/wp\/v2\/media\/51553"}],"wp:attachment":[{"href":"https:\/\/cp.snarskis.lt\/index.php\/wp-json\/wp\/v2\/media?parent=51552"}],"wp:term":[{"taxonomy":"category","embeddable":true,"href":"https:\/\/cp.snarskis.lt\/index.php\/wp-json\/wp\/v2\/categories?post=51552"},{"taxonomy":"post_tag","embeddable":true,"href":"https:\/\/cp.snarskis.lt\/index.php\/wp-json\/wp\/v2\/tags?post=51552"},{"taxonomy":"miestas","embeddable":true,"href":"https:\/\/cp.snarskis.lt\/index.php\/wp-json\/wp\/v2\/miestas?post=51552"}],"curies":[{"name":"wp","href":"https:\/\/api.w.org\/{rel}","templated":true}]}}