{"id":51557,"date":"2026-09-04T01:20:28","date_gmt":"2026-09-04T01:20:28","guid":{"rendered":"https:\/\/cp.snarskis.lt\/index.php\/2026\/09\/04\/pagiriuose-atsidare-naujas-kulturos-centras-57-mln-euru-projektas-ir-sale-300-ziurovu\/"},"modified":"2026-09-04T01:20:28","modified_gmt":"2026-09-04T01:20:28","slug":"pagiriuose-atsidare-naujas-kulturos-centras-57-mln-euru-projektas-ir-sale-300-ziurovu","status":"publish","type":"post","link":"https:\/\/cp.snarskis.lt\/index.php\/2026\/09\/04\/pagiriuose-atsidare-naujas-kulturos-centras-57-mln-euru-projektas-ir-sale-300-ziurovu\/","title":{"rendered":"Pagiriuose atsidar\u0117 naujas kult\u016bros centras: 5,7 mln. eur\u0173 projektas ir sal\u0117 300 \u017ei\u016brov\u0173"},"content":{"rendered":"<p>Vilniaus rajono Pagiriuose rugs\u0117jo 3 dien\u0105 duris atv\u0117r\u0117 naujas kult\u016bros centras, \u012fsik\u016br\u0119s \u0160iltnami\u0173 gatv\u0117je. Savivaldyb\u0117 tikisi, kad jis taps tr\u016bkstamu traukos ta\u0161ku vietos bendruomenei ir paskatins aktyvesn\u012f kult\u016brin\u012f gyvenim\u0105 spar\u010diai augan\u010diame miestelyje.<\/p>\n<p>Atidaryme dalyvav\u0119s Vilniaus rajono savivaldyb\u0117s meras Robert Duchnevi\u010d pabr\u0117\u017e\u0117, kad projektas gim\u0117 i\u0161 ilgai i\u0161sakyt\u0173 gyventoj\u0173 l\u016bkes\u010di\u0173. Jo teigimu, naujoji erdv\u0117 skirta ne tik renginiams, bet ir kasdieniams susitikimams, edukacijoms bei bendruomen\u0117s iniciatyvoms.<\/p>\n<p>\u201ePagiriai auga, kei\u010diasi ir tampa vis gyvesniu miesteliu, ta\u010diau iki \u0161iol tr\u016bko vietos, kur bendruomen\u0117 gal\u0117t\u0173 susitikti, kurti ir b\u016bti kartu\u201c, \u2013 sak\u0117 Robert Duchnevi\u010d.<\/p>\n<p>\u0160vent\u0117je Pagiri\u0173 bendruomen\u0119 pasveikino kult\u016bros ministras Lukas Alsys, akcentav\u0119s kult\u016bros centr\u0173 reik\u0161m\u0119 region\u0173 gyvybingumui ir jaunimo \u012fsitraukimui. Pasak ministro, tokios erdv\u0117s padeda ugdyti k\u016brybi\u0161kum\u0105, stiprina socialinius ry\u0161ius ir sudaro s\u0105lygas vietos talentams atsiskleisti.<\/p>\n<p>\u201eKult\u016bros centras yra ne vien pastatas, o bendruomen\u0117s siela: vieta, kur jaunimas gali tobul\u0117ti, kurti ir prisid\u0117ti prie \u0161alies kult\u016bros puosel\u0117jimo\u201c, \u2013 teig\u0117 Lukas Alsys.<\/p>\n<p>Beveik 1 500 kvadratini\u0173 metr\u0173 ploto pastate \u012frengta universali koncert\u0173 sal\u0117 su balkonu, galinti priimti iki 300 \u017ei\u016brov\u0173. Centre sumontuota \u0161iuolaikin\u0117 garso ir ap\u0161vietimo \u012franga, tod\u0117l \u010dia planuojama rengti ne tik m\u0117g\u0117j\u0173 kolektyv\u0173 pasirodymus, bet ir profesionalius spektaklius, akustinius koncertus bei kino per\u017ei\u016bras.<\/p>\n<p>Taip pat \u012frengtos repeticij\u0173 ir edukacin\u0117s erdv\u0117s, grimo kambariai atlik\u0117jams, o foj\u0117 pritaikyta parodoms. Savivaldyb\u0117 pabr\u0117\u017eia, kad infrastrukt\u016bra pritaikyta individuali\u0173 poreiki\u0173 turintiems lankytojams ir \u0161eimoms su vaik\u0173 ve\u017eim\u0117liais, tod\u0117l centras tur\u0117t\u0173 b\u016bti patogus \u012fvairaus am\u017eiaus gyventojams.<\/p>\n<p>Skelbiama, kad kult\u016bros centras statytas nuo 2024 met\u0173 sausio iki 2026 met\u0173 gegu\u017e\u0117s, o bendra projekto vert\u0117 siekia 5,7 mln. eur\u0173. Toks mastas atspindi pla\u010diau Lietuvoje stipr\u0117jan\u010di\u0105 krypt\u012f investuoti \u012f daugiafunkcius kult\u016bros objektus, kurie vienoje vietoje sujungia scenos men\u0105, neformal\u0173j\u012f ugdym\u0105, bendruomenines veiklas ir vie\u0161\u0105sias paslaugas.<\/p>\n<p>Vilniaus rajono savivaldyb\u0117s administracijos direktorius Vytautas Vansavi\u010dius teig\u0117, kad naujas pastatas turi tapti kokybiniu etapu, o ne startu nuo nulio, nes Pagiriuose kult\u016brinis gyvenimas vyko ir anks\u010diau. Anot jo, savivaldyb\u0117s tikslas yra sudaryti s\u0105lygas vietos iniciatyvoms augti ir pritraukti daugiau \u012fvairi\u0173 rengini\u0173.<\/p>\n<p>\u201eTai ne prad\u017eia nuo nulio, o naujas, kokybi\u0161kas etapas, kuriame bendruomen\u0117s iniciatyvos gal\u0117s augti grei\u010diau\u201c, \u2013 sak\u0117 Vytautas Vansavi\u010dius.<\/p>\n<p>Objekto generalinio rangovo bendrov\u0117s \u201eGilesta\u201c vadovas Romas Paliulis atkreip\u0117 d\u0117mes\u012f, kad projektuojant buvo svarbu numatyti pastato kasdien\u012f funkcionavim\u0105, kai skirtingos veiklos vyks greta ir tuo pa\u010diu metu. Jo teigimu, galutin\u0119 centro vert\u0119 sukurs \u017emon\u0117s ir j\u0173 id\u0117jos, kurios u\u017epildys erdves turiniu.<\/p>\n<p>Naujasis centras atidarytas su menine programa: grojo Pagiri\u0173 meno mokyklos pu\u010diam\u0173j\u0173 orkestras, pristatyta Vladimiro Azanovo tapybos paroda, o renginio kulminacija tapo Vilniaus rajono Pagiri\u0173 gimnazijos bendruomen\u0117s miuziklas Mamma Mia!. Skelbiama, kad centro veiklai vadovaus Pagiri\u0173 kult\u016bros centro vadovas Edvard Keizik.<\/p>\n","protected":false},"excerpt":{"rendered":"<p>Pagiriuose atidarytas naujas kult\u016bros centras: 1 500 kv. m erdv\u0117s, 300 viet\u0173 sal\u0117, moderni \u012franga ir 5,7 mln. eur\u0173 investicija bendruomenei.<\/p>\n","protected":false},"author":0,"featured_media":51558,"comment_status":"open","ping_status":"open","sticky":false,"template":"","format":"standard","meta":{"_acf_changed":false,"footnotes":""},"categories":[15],"tags":[39872,1361,36978,39871,24780,2942,1368],"miestas":[71],"class_list":["post-51557","post","type-post","status-publish","format-standard","has-post-thumbnail","hentry","category-regionai","tag-gilesta","tag-kulturos-centrai","tag-kulturos-infrastruktura","tag-lukas-alsys","tag-pagiriai","tag-robert-duchnevic","tag-vilniaus-rajono-savivaldybe","miestas-vilniaus-rajono-savivaldybe"],"acf":[],"_links":{"self":[{"href":"https:\/\/cp.snarskis.lt\/index.php\/wp-json\/wp\/v2\/posts\/51557","targetHints":{"allow":["GET"]}}],"collection":[{"href":"https:\/\/cp.snarskis.lt\/index.php\/wp-json\/wp\/v2\/posts"}],"about":[{"href":"https:\/\/cp.snarskis.lt\/index.php\/wp-json\/wp\/v2\/types\/post"}],"replies":[{"embeddable":true,"href":"https:\/\/cp.snarskis.lt\/index.php\/wp-json\/wp\/v2\/comments?post=51557"}],"version-history":[{"count":0,"href":"https:\/\/cp.snarskis.lt\/index.php\/wp-json\/wp\/v2\/posts\/51557\/revisions"}],"wp:featuredmedia":[{"embeddable":true,"href":"https:\/\/cp.snarskis.lt\/index.php\/wp-json\/wp\/v2\/media\/51558"}],"wp:attachment":[{"href":"https:\/\/cp.snarskis.lt\/index.php\/wp-json\/wp\/v2\/media?parent=51557"}],"wp:term":[{"taxonomy":"category","embeddable":true,"href":"https:\/\/cp.snarskis.lt\/index.php\/wp-json\/wp\/v2\/categories?post=51557"},{"taxonomy":"post_tag","embeddable":true,"href":"https:\/\/cp.snarskis.lt\/index.php\/wp-json\/wp\/v2\/tags?post=51557"},{"taxonomy":"miestas","embeddable":true,"href":"https:\/\/cp.snarskis.lt\/index.php\/wp-json\/wp\/v2\/miestas?post=51557"}],"curies":[{"name":"wp","href":"https:\/\/api.w.org\/{rel}","templated":true}]}}