{"id":51559,"date":"2026-09-04T01:21:04","date_gmt":"2026-09-04T01:21:04","guid":{"rendered":"https:\/\/cp.snarskis.lt\/index.php\/2026\/09\/04\/vilniaus-rajonas-sujunge-pagalba-sup-vaikams-mobilios-komandos-jau-suteike-261-paslauga\/"},"modified":"2026-09-04T01:21:04","modified_gmt":"2026-09-04T01:21:04","slug":"vilniaus-rajonas-sujunge-pagalba-sup-vaikams-mobilios-komandos-jau-suteike-261-paslauga","status":"publish","type":"post","link":"https:\/\/cp.snarskis.lt\/index.php\/2026\/09\/04\/vilniaus-rajonas-sujunge-pagalba-sup-vaikams-mobilios-komandos-jau-suteike-261-paslauga\/","title":{"rendered":"Vilniaus rajonas sujung\u0117 pagalb\u0105 SUP vaikams: mobilios komandos jau suteik\u0117 261 paslaug\u0105"},"content":{"rendered":"<p>Vilniaus rajone ple\u010diamas paslaug\u0173 tinklas vaikams, turintiems speciali\u0173j\u0173 ugdymosi poreiki\u0173 (SUP), j\u0173 \u0161eimoms ir su vaikais dirbantiems specialistams. 2025 metais gruod\u012f prad\u0117tas projektas jau pasiek\u0117 pirmuosius ap\u010diuopiamus rezultatus: \u0161iuo metu paslaugas gauna 65 vaikai, o i\u0161 viso suteikta daugiau kaip 261 paslauga.<\/p>\n<p>Savivaldyb\u0117 akcentuoja, kad pagalba \u0161eimai turi b\u016bti lengvai pasiekiama ir kuo ma\u017eiau fragmentuota, tod\u0117l siekiama sujungti \u0161vietimo, socialines ir sveikatos prie\u017ei\u016bros paslaugas \u012f vien\u0105 koordinuot\u0105 sistem\u0105. Praktikoje tai rei\u0161kia, kad dalis specialist\u0173 atvyksta ar\u010diau vaiko kasdien\u0117s aplinkos, pirmiausia \u012f ugdymo \u012fstaigas.<\/p>\n<h2>Mobili komanda atvyksta \u012f mokykl\u0105<\/h2>\n<p>Viena pagrindini\u0173 projekto dali\u0173 yra mobilios \u0161vietimo pagalbos komandos darbas Vilniaus rajono mokyklose. Komandoje dirbantys specialistai vertina vaik\u0173 poreikius, konsultuoja t\u0117vus ir mokytojus, padeda rengti individualias ugdymo priemones ir tiesiogiai dirba su mokiniais.<\/p>\n<p>Pagalb\u0105 mokyklose teikia logopedas, psichologas, socialinis pedagogas ir specialusis pedagogas. Toks modelis da\u017enai laikomas efektyvesniu, nes leid\u017eia grei\u010diau pasteb\u0117ti sunkumus, suderinti sprendimus su mokykla ir suma\u017einti \u0161eim\u0173 kr\u016bv\u012f ie\u0161kant paslaug\u0173 skirtingose vietose.<\/p>\n<p>\u201e\u0160eimai, auginan\u010diai speciali\u0173j\u0173 ugdymosi poreiki\u0173 turint\u012f vaik\u0105, pagalba turi b\u016bti kuo lengviau pasiekiama ir nereikalauti ie\u0161koti skirting\u0173 specialist\u0173 skirtingose \u012fstaigose. Tod\u0117l \u0161iuo projektu telkiame \u0161vietimo, socialines ir sveikatos prie\u017ei\u016bros paslaugas \u012f vien\u0105 koordinuot\u0105 sistem\u0105, o specialistus priartiname prie vaiko \u2013 \u012f mokykl\u0105 ir jo kasdien\u0119 aplink\u0105\u201c, \u2013 sak\u0117 Vilniaus rajono savivaldyb\u0117s meras Robert Duchnevi\u010d.<\/p>\n<h2>\u012evairesn\u0117s terapijos ir u\u017esi\u0117mimai<\/h2>\n<p>Projektas suteikia galimyb\u0119 vaikams i\u0161bandyti skirtingas veiklas, kurios padeda stiprinti socialinius, emocinius ir fizinius \u012fg\u016bd\u017eius. Numatyti hipoterapijos, kaniterapijos, meno terapijos, neuroedukacijos, multisensorin\u0117s ir mi\u0161ko terapijos u\u017esi\u0117mimai, taip pat socializuojantys sporto u\u017esi\u0117mimai.<\/p>\n<p>Be reguliari\u0173 u\u017esi\u0117mim\u0173, organizuojamos stovyklos ir mokymai, skirti ir vaikams, ir t\u0117vams. Toks d\u0117mesys \u0161eimai svarbus d\u0117l to, kad SUP turin\u010dio vaiko kasdieniams pasiekimams \u012ftak\u0105 daro ne tik individualios terapijos, bet ir nuoseklios t\u0117v\u0173 taikomos strategijos namuose bei ai\u0161k\u016bs susitarimai su mokykla.<\/p>\n<p>\u201eStovyklos programa atitiko l\u016bkes\u010dius ir net vir\u0161ijo\u201c, \u2013 sak\u0117 terapinio \u016bkio stovykloje dalyvavusio vaiko t\u0117tis, pabr\u0117\u017edamas, kad per savait\u0119 \u012fgytas \u017einias \u0161eima jau prad\u0117jo taikyti kasdieniame bendravime.<\/p>\n<h2>Sveikatos paslaugos ir pav\u0117\u017e\u0117jimas<\/h2>\n<p>Pagalba teikiama ir Vilniaus rajono Nemen\u010din\u0117s poliklinikoje, kur vaikai gali gauti kineziterapeuto ir ergoterapeuto paslaugas. Savivaldyb\u0117 nurodo, kad \u0161iuo metu dar yra laisv\u0173 viet\u0173 kineziterapeuto paslaugoms.<\/p>\n<p>Kad paslaugos b\u016bt\u0173 pasiekiamos \u0161eimoms, kurioms sud\u0117tinga atvykti savaranki\u0161kai, projekte numatytas pav\u0117\u017e\u0117jimas. Tai ypa\u010d aktualu gyvenant toliau nuo paslaug\u0173 teikimo viet\u0173, kai kelion\u0117s laikas ir logistika tampa viena did\u017eiausi\u0173 kli\u016b\u010di\u0173 nuosekliam lankymui.<\/p>\n<p>Taip pat formuojama nauja kaniterapijos u\u017esi\u0117mim\u0173 grup\u0117, kuri\u0105 organizuoja paramos ir labdaros fondas \u201eMam\u0173 Unija\u201c. Koordinuotai teikiam\u0173 paslaug\u0173 skyrimo klausimai gali b\u016bti svarstomi tiek t\u0117v\u0173 iniciatyva, tiek institucijoms nusta\u010dius, kad jau teikiamos pagalbos nepakanka.<\/p>\n<p>Projekt\u0105 Vilniaus rajono savivaldyb\u0117 \u012fgyvendina kartu su partneriais, tarp j\u0173 Vilniaus rajono sporto centru, Vilniaus rajono socialini\u0173 paslaug\u0173 centru, Juod\u0161ili\u0173 \u201e\u0160ilo\u201c gimnazija, V\u0161\u012e Vilniaus rajono Nemen\u010din\u0117s poliklinika, Vilniaus rajono pedagogine psichologine tarnyba, Nemen\u010din\u0117s kult\u016bros centru ir paramos ir labdaros fondu \u201eMam\u0173 Unija\u201c.<\/p>\n<p>Projektas numatytas \u012fgyvendinti iki 2028 metais gruod\u017eio m\u0117nesio. Bendra projekto vert\u0117 siekia apie 1 087 000 eur\u0173, i\u0161 j\u0173 apie 488 000 eur\u0173 sudaro ES fond\u0173 l\u0117\u0161os, apie 488 000 eur\u0173 bendrojo finansavimo l\u0117\u0161os ir apie 110 000 eur\u0173 savivaldyb\u0117s \u012fna\u0161as.<\/p>\n","protected":false},"excerpt":{"rendered":"<p>Vilniaus rajone SUP vaikams teikiama koordinuota pagalba: mobilios komandos vyksta \u012f mokyklas, o \u0161eimos gali gauti terapijas, pav\u0117\u017e\u0117jim\u0105 ir konsultacijas.<\/p>\n","protected":false},"author":0,"featured_media":51560,"comment_status":"open","ping_status":"open","sticky":false,"template":"","format":"standard","meta":{"_acf_changed":false,"footnotes":""},"categories":[15],"tags":[37653,7853,39873,4674,2304,3141,1368],"miestas":[71],"class_list":["post-51559","post","type-post","status-publish","format-standard","has-post-thumbnail","hentry","category-regionai","tag-kaniterapija","tag-logopedai","tag-nemencines-poliklinika","tag-psichologai","tag-specialieji-ugdymosi-poreikiai","tag-svietimo-pagalba","tag-vilniaus-rajono-savivaldybe","miestas-vilniaus-rajono-savivaldybe"],"acf":[],"_links":{"self":[{"href":"https:\/\/cp.snarskis.lt\/index.php\/wp-json\/wp\/v2\/posts\/51559","targetHints":{"allow":["GET"]}}],"collection":[{"href":"https:\/\/cp.snarskis.lt\/index.php\/wp-json\/wp\/v2\/posts"}],"about":[{"href":"https:\/\/cp.snarskis.lt\/index.php\/wp-json\/wp\/v2\/types\/post"}],"replies":[{"embeddable":true,"href":"https:\/\/cp.snarskis.lt\/index.php\/wp-json\/wp\/v2\/comments?post=51559"}],"version-history":[{"count":0,"href":"https:\/\/cp.snarskis.lt\/index.php\/wp-json\/wp\/v2\/posts\/51559\/revisions"}],"wp:featuredmedia":[{"embeddable":true,"href":"https:\/\/cp.snarskis.lt\/index.php\/wp-json\/wp\/v2\/media\/51560"}],"wp:attachment":[{"href":"https:\/\/cp.snarskis.lt\/index.php\/wp-json\/wp\/v2\/media?parent=51559"}],"wp:term":[{"taxonomy":"category","embeddable":true,"href":"https:\/\/cp.snarskis.lt\/index.php\/wp-json\/wp\/v2\/categories?post=51559"},{"taxonomy":"post_tag","embeddable":true,"href":"https:\/\/cp.snarskis.lt\/index.php\/wp-json\/wp\/v2\/tags?post=51559"},{"taxonomy":"miestas","embeddable":true,"href":"https:\/\/cp.snarskis.lt\/index.php\/wp-json\/wp\/v2\/miestas?post=51559"}],"curies":[{"name":"wp","href":"https:\/\/api.w.org\/{rel}","templated":true}]}}