{"id":51563,"date":"2026-09-04T01:22:21","date_gmt":"2026-09-04T01:22:21","guid":{"rendered":"https:\/\/cp.snarskis.lt\/index.php\/2026\/09\/04\/skandalas-vilniaus-rajone-administracijos-vadovas-del-kaltinimu-mobingu-kreipesi-i-prokuratura\/"},"modified":"2026-09-04T01:22:21","modified_gmt":"2026-09-04T01:22:21","slug":"skandalas-vilniaus-rajone-administracijos-vadovas-del-kaltinimu-mobingu-kreipesi-i-prokuratura","status":"publish","type":"post","link":"https:\/\/cp.snarskis.lt\/index.php\/2026\/09\/04\/skandalas-vilniaus-rajone-administracijos-vadovas-del-kaltinimu-mobingu-kreipesi-i-prokuratura\/","title":{"rendered":"Skandalas Vilniaus rajone: administracijos vadovas d\u0117l kaltinim\u0173 mobingu kreip\u0117si \u012f prokurat\u016br\u0105"},"content":{"rendered":"<p>Vilniaus rajono savivaldyb\u0117s administracijos direktorius Vytautas Vansavi\u010dius kreip\u0117si \u012f Vilniaus apygardos prokurat\u016br\u0105, pra\u0161ydamas \u012fvertinti, ar vie\u0161uose tarybos nari\u0173 parei\u0161kimuose n\u0117ra \u0161mei\u017eimo po\u017eymi\u0173. Parei\u0161kime remiamasi Baud\u017eiamojo kodekso 154 straipsnio 1 dalimi, kuri numato atsakomyb\u0119 u\u017e tikrov\u0117s neatitinkan\u010dios informacijos paskleidim\u0105, galint\u012f paniekinti ar pa\u017eeminti \u017emog\u0173.<\/p>\n<p>Savivaldyb\u0117s vadovo teigimu, \u012f prokurat\u016br\u0105 jis kreip\u0117si po to, kai vie\u0161ai buvo paskleisti teiginiai apie es\u0105 netinkam\u0105 jo elges\u012f darbuotoj\u0173 at\u017evilgiu. Tarp minim\u0173 kaltinim\u0173 \u012fvardijami bauginimas, \u017eeminimas, mobingas ir kitos, jo vertinimu, reputacij\u0105 menkinan\u010dios aplinkyb\u0117s.<\/p>\n<p>\u201ePirmiausia \u012f tarybos narius kreipiausi ra\u0161tu, pra\u0161ydamas paneigti, mano \u012fsitikinimu, tikrov\u0117s neatitinkan\u010dius ir \u017eeminan\u010dio pob\u016bd\u017eio teiginius. \u012e \u0161iuos pra\u0161ymus nebuvo sureaguota, tod\u0117l nematau kitos galimyb\u0117s, kaip tik kreiptis \u012f teis\u0117saug\u0105\u201c, \u2013 sak\u0117 V. Vansavi\u010dius.<\/p>\n<p>Jo teigimu, klausimas yra jautrus ne tik d\u0117l asmenin\u0117s reputacijos, bet ir d\u0117l savivaldyb\u0117s administracijos darbuotoj\u0173 interes\u0173. Direktorius pabr\u0117\u017eia, kad nepagr\u012fsti vie\u0161i kaltinimai apie mobing\u0105 gali paveikti organizacijos patikimum\u0105, o kai kuri\u0173 pasisakym\u0173 siejimas su darbuotojo mirtimi, anot jo, gali b\u016bti ypa\u010d skaudus velionio artimiesiems.<\/p>\n<p>Savivaldyb\u0117 nurodo, kad gin\u010d\u0105 paskatino vie\u0161i pasisakymai komiteto ir komisijos pos\u0117d\u017eiuose, kurie buvo transliuojami ir i\u0161liko vie\u0161ai prieinami \u201eYoutube\u201c platformoje. Administracijos direktorius parei\u0161kime mini, kad tarybos narys Robert Rackiewicz vie\u0161ai siejo j\u012f su savivaldyb\u0117s darbuotojo mirtimi ir kaltino darbuotoj\u0173 bauginimu bei \u017eeminimu, o tarybos nar\u0117 Marija Rekst \u0161iuos teiginius v\u0117liau pakartojo, pateikdama juos kaip fakt\u0105.<\/p>\n<p>V. Vansavi\u010diaus vertinimu, vie\u0161ai paskleista informacija neatitinka tikrov\u0117s. Savivaldyb\u0117 tikina, kad minimas darbuotojas buvo vertinamas auk\u0161\u010diausiu \u012fvertinimu, vir\u0161ijusiu l\u016bkes\u010dius, ir buvo skatinamas priemokomis, o 2025\u20132026 metais administracijoje es\u0105 nebuvo nustatyta n\u0117 vieno persekiojimo, priekabiavimo ar mobingo atvejo.<\/p>\n<p>Administracija taip pat nurodo priemones, kurios, pasak jos, buvo taikomos siekiant gerinti darbo aplink\u0105 ir emocin\u012f klimat\u0105. Tarp j\u0173 minimas darbuotoj\u0173 \u012fsitraukimo tyrimas, psicholog\u0117s \u012fdarbinimas bei organizacijos vertybi\u0173 ir kult\u016bros stiprinimo projektas.<\/p>\n<p>\u0160mei\u017eimo ir galimo reputacijos pa\u017eeidimo bylose galutiniai sprendimai priklauso teis\u0117saugai, kuri vertina tiek pasisakym\u0173 turin\u012f, tiek j\u0173 kontekst\u0105 ir galimas pasekmes. Savivaldyb\u0117 pabr\u0117\u017eia, kad \u0161iuo metu sprendim\u0105 d\u0117l parei\u0161kime i\u0161d\u0117styt\u0173 aplinkybi\u0173 priims kompetentingos institucijos.<\/p>\n","protected":false},"excerpt":{"rendered":"<p>Vilniaus rajono administracijos direktorius kreip\u0117si \u012f prokurat\u016br\u0105 d\u0117l tarybos nari\u0173 vie\u0161\u0173 teigini\u0173 apie mobing\u0105 ir reputacij\u0105 menkinan\u010di\u0173 kaltinim\u0173.<\/p>\n","protected":false},"author":0,"featured_media":51564,"comment_status":"open","ping_status":"open","sticky":false,"template":"","format":"standard","meta":{"_acf_changed":false,"footnotes":""},"categories":[15],"tags":[39876,1403,16379,39875,1368,15789,810],"miestas":[71],"class_list":["post-51563","post","type-post","status-publish","format-standard","has-post-thumbnail","hentry","category-regionai","tag-mobingas","tag-prokuratura","tag-savivaldybiu-politika","tag-smeizimas","tag-vilniaus-rajono-savivaldybe","tag-vytautas-vansavicius","tag-youtube","miestas-vilniaus-rajono-savivaldybe"],"acf":[],"_links":{"self":[{"href":"https:\/\/cp.snarskis.lt\/index.php\/wp-json\/wp\/v2\/posts\/51563","targetHints":{"allow":["GET"]}}],"collection":[{"href":"https:\/\/cp.snarskis.lt\/index.php\/wp-json\/wp\/v2\/posts"}],"about":[{"href":"https:\/\/cp.snarskis.lt\/index.php\/wp-json\/wp\/v2\/types\/post"}],"replies":[{"embeddable":true,"href":"https:\/\/cp.snarskis.lt\/index.php\/wp-json\/wp\/v2\/comments?post=51563"}],"version-history":[{"count":0,"href":"https:\/\/cp.snarskis.lt\/index.php\/wp-json\/wp\/v2\/posts\/51563\/revisions"}],"wp:featuredmedia":[{"embeddable":true,"href":"https:\/\/cp.snarskis.lt\/index.php\/wp-json\/wp\/v2\/media\/51564"}],"wp:attachment":[{"href":"https:\/\/cp.snarskis.lt\/index.php\/wp-json\/wp\/v2\/media?parent=51563"}],"wp:term":[{"taxonomy":"category","embeddable":true,"href":"https:\/\/cp.snarskis.lt\/index.php\/wp-json\/wp\/v2\/categories?post=51563"},{"taxonomy":"post_tag","embeddable":true,"href":"https:\/\/cp.snarskis.lt\/index.php\/wp-json\/wp\/v2\/tags?post=51563"},{"taxonomy":"miestas","embeddable":true,"href":"https:\/\/cp.snarskis.lt\/index.php\/wp-json\/wp\/v2\/miestas?post=51563"}],"curies":[{"name":"wp","href":"https:\/\/api.w.org\/{rel}","templated":true}]}}