{"id":51577,"date":"2026-09-04T01:40:24","date_gmt":"2026-09-04T01:40:24","guid":{"rendered":"https:\/\/cp.snarskis.lt\/index.php\/2026\/09\/04\/sadm-viceministre-atvyko-i-visagina-ka-zada-uzsienieciu-integracijai-nvo-ir-socialinems-paslaugoms\/"},"modified":"2026-09-04T01:40:24","modified_gmt":"2026-09-04T01:40:24","slug":"sadm-viceministre-atvyko-i-visagina-ka-zada-uzsienieciu-integracijai-nvo-ir-socialinems-paslaugoms","status":"publish","type":"post","link":"https:\/\/cp.snarskis.lt\/index.php\/2026\/09\/04\/sadm-viceministre-atvyko-i-visagina-ka-zada-uzsienieciu-integracijai-nvo-ir-socialinems-paslaugoms\/","title":{"rendered":"SADM viceministr\u0117 atvyko \u012f Visagin\u0105: k\u0105 \u017eada u\u017esienie\u010di\u0173 integracijai, NVO ir socialin\u0117ms paslaugoms?"},"content":{"rendered":"<p>Visagino savivaldyb\u0117je apsilank\u0117 Socialin\u0117s apsaugos ir darbo ministerijos viceministr\u0117 Deimant\u0117 Bukeikait\u0117 su ministerijos komanda. Vizito metu su savivaldyb\u0117s vadovais aptarti u\u017esienie\u010di\u0173 integracijos, socialini\u0173 paslaug\u0173 prieinamumo ir nevyriausybini\u0173 organizacij\u0173 stiprinimo klausimai.<\/p>\n<p>Susitikime su Visagino meru Erlandu Galaguzu dalyvavo savivaldyb\u0117s administracijos ir skyri\u0173 vadovai bei u\u017esienio kilm\u0117s gyventoj\u0173 integracijos koordinator\u0117. Abi pus\u0117s akcentavo, kad Visaginui aktual\u016bs sprendimai turi b\u016bti derinami su vietos bendruomeni\u0173 poreikiais ir turimais paj\u0117gumais.<\/p>\n<h2>Integracija: nuo kalbos iki darbo<\/h2>\n<p>Did\u017eiausias d\u0117mesys skirtas u\u017esienie\u010di\u0173 integracijai, kuri savivaldyb\u0117se da\u017eniausiai apima lietuvi\u0173 kalbos mokym\u0105, \u012fsidarbinimo ir kvalifikacijos pripa\u017einimo klausimus, vaik\u0173 \u012ftraukt\u012f \u012f \u0161vietimo sistem\u0105 bei socialini\u0173 paslaug\u0173 pasiekiamum\u0105. Visaginas, kaip daugiakulturis miestas, \u0161iuos i\u0161\u0161\u016bkius jau\u010dia ypa\u010d ry\u0161kiai.<\/p>\n<p>Susitikime taip pat aptarta, kaip geriau suderinti valstyb\u0117s ir savivaldyb\u0117s veiksmus, kad pagalba \u017emones pasiekt\u0173 grei\u010diau ir b\u016bt\u0173 nuosekli. Ministerijos atstovai akcentavo bendradarbiavimo svarb\u0105, kai sprendimai planuojami ne tik nacionaliniu, bet ir savivaldyb\u0117s lygmeniu.<\/p>\n<h2>Socialin\u0117s paslaugos: augantys poreikiai<\/h2>\n<p>Kalb\u0117ta ir apie socialini\u0173 paslaug\u0173 teikim\u0105, \u012fskaitant pagalb\u0105 senjorams, asmenims su negalia, \u0161eimoms bei krizi\u0173 patirian\u010dioms grup\u0117ms. Praktikoje savivaldyb\u0117ms tenka spr\u0119sti ne tik paslaug\u0173 apimtis, bet ir darbuotoj\u0173 tr\u016bkumo, paslaug\u0173 kokyb\u0117s bei pasiekiamumo atokiau gyvenantiems \u017emon\u0117ms klausimus.<\/p>\n<p>Po susitikimo viceministr\u0117 su komanda vyko \u012f Visagino socialin\u0117s globos namus. Tokie vizitai paprastai skirti \u012fvertinti kasdien\u0119 \u012fstaig\u0173 situacij\u0105, aptarti paslaug\u0173 organizavimo i\u0161\u0161\u016bkius ir galimybes gerinti gyventoj\u0173 gaunam\u0105 pagalb\u0105.<\/p>\n<h2>NVO vaidmuo ir bendruomeni\u0173 \u012fsitraukimas<\/h2>\n<p>Diskusijoje i\u0161skirtas nevyriausybini\u0173 organizacij\u0173 vaidmuo, nes b\u016btent jos da\u017enai tampa pirmuoju kontaktu \u017emon\u0117ms, kuriems reikia konsultacij\u0173, tarpininkavimo, emocin\u0117s paramos ar pagalbos \u012fsitraukiant \u012f vietos gyvenim\u0105. Savivaldyb\u0117 pristat\u0117 poreik\u012f stiprinti NVO veiklas ir j\u0173 t\u0119stinum\u0105, kad pagalba neb\u016bt\u0173 epizodin\u0117.<\/p>\n<p>\u201eVisaginas \u2013 \u012fvairi\u0173 kult\u016br\u0173 miestas, tod\u0117l integracijos klausimai mums ypa\u010d aktual\u016bs. \u0160iandien siekiame stiprinti socialines paslaugas, bendruomeni\u0173 \u012fsitraukim\u0105 bei kalbame apie ateities i\u0161\u0161\u016bkius. D\u017eiugu, kad prie\u0161 priimant sprendimus ministerija nori gird\u0117ti ir m\u016bs\u0173 bals\u0105\u201c, \u2013 sak\u0117 Visagino savivaldyb\u0117s meras Erlandas Galaguz.<\/p>\n<p>Ministerija ir savivaldyb\u0117 sutar\u0117 t\u0119sti dialog\u0105 d\u0117l konkre\u010di\u0173 priemoni\u0173, kurios leist\u0173 tiksliau atliepti vietos gyventoj\u0173 poreikius. Visagine akcentuota, kad integracijos ir socialini\u0173 paslaug\u0173 klausimai yra tiesiogiai susij\u0119 su bendruomen\u0117s saugumu, sanglauda ir gyvenimo kokybe.<\/p>\n","protected":false},"excerpt":{"rendered":"<p>SADM viceministr\u0117 Visagine su savivaldybe aptar\u0117 u\u017esienie\u010di\u0173 integracij\u0105, socialini\u0173 paslaug\u0173 stiprinim\u0105 ir NVO vaidmen\u012f, aplank\u0117 globos namus.<\/p>\n","protected":false},"author":0,"featured_media":51578,"comment_status":"open","ping_status":"open","sticky":false,"template":"","format":"standard","meta":{"_acf_changed":false,"footnotes":""},"categories":[15],"tags":[39884,551,2146,533,9506,1409],"miestas":[73],"class_list":["post-51577","post","type-post","status-publish","format-standard","has-post-thumbnail","hentry","category-regionai","tag-deimante-bukeikaite","tag-nevyriausybines-organizacijos","tag-socialines-apsaugos-ir-darbo-ministerija","tag-socialines-paslaugos","tag-uzsienieciu-integracija","tag-visagino-savivaldybe","miestas-visagino-savivaldybe"],"acf":[],"_links":{"self":[{"href":"https:\/\/cp.snarskis.lt\/index.php\/wp-json\/wp\/v2\/posts\/51577","targetHints":{"allow":["GET"]}}],"collection":[{"href":"https:\/\/cp.snarskis.lt\/index.php\/wp-json\/wp\/v2\/posts"}],"about":[{"href":"https:\/\/cp.snarskis.lt\/index.php\/wp-json\/wp\/v2\/types\/post"}],"replies":[{"embeddable":true,"href":"https:\/\/cp.snarskis.lt\/index.php\/wp-json\/wp\/v2\/comments?post=51577"}],"version-history":[{"count":0,"href":"https:\/\/cp.snarskis.lt\/index.php\/wp-json\/wp\/v2\/posts\/51577\/revisions"}],"wp:featuredmedia":[{"embeddable":true,"href":"https:\/\/cp.snarskis.lt\/index.php\/wp-json\/wp\/v2\/media\/51578"}],"wp:attachment":[{"href":"https:\/\/cp.snarskis.lt\/index.php\/wp-json\/wp\/v2\/media?parent=51577"}],"wp:term":[{"taxonomy":"category","embeddable":true,"href":"https:\/\/cp.snarskis.lt\/index.php\/wp-json\/wp\/v2\/categories?post=51577"},{"taxonomy":"post_tag","embeddable":true,"href":"https:\/\/cp.snarskis.lt\/index.php\/wp-json\/wp\/v2\/tags?post=51577"},{"taxonomy":"miestas","embeddable":true,"href":"https:\/\/cp.snarskis.lt\/index.php\/wp-json\/wp\/v2\/miestas?post=51577"}],"curies":[{"name":"wp","href":"https:\/\/api.w.org\/{rel}","templated":true}]}}