{"id":51589,"date":"2026-09-04T01:41:46","date_gmt":"2026-09-04T01:41:46","guid":{"rendered":"https:\/\/cp.snarskis.lt\/index.php\/2026\/09\/04\/rudenines-sugrizta-i-visagina-festivalis-zada-rekorda-ir-tautu-tradiciju-sprogima\/"},"modified":"2026-09-04T01:41:46","modified_gmt":"2026-09-04T01:41:46","slug":"rudenines-sugrizta-i-visagina-festivalis-zada-rekorda-ir-tautu-tradiciju-sprogima","status":"publish","type":"post","link":"https:\/\/cp.snarskis.lt\/index.php\/2026\/09\/04\/rudenines-sugrizta-i-visagina-festivalis-zada-rekorda-ir-tautu-tradiciju-sprogima\/","title":{"rendered":"\u201eRudenin\u0117s\u201c sugr\u012f\u017eta \u012f Visagin\u0105: festivalis \u017eada rekord\u0105 ir taut\u0173 tradicij\u0173 sprogim\u0105"},"content":{"rendered":"<div class=\"news_content_text formatted_text\">\n<div>\n<div><strong>Rugs\u0117jo 25-26 d. Visagine su\u017eyd\u0117s \u012fvairiasplavis taut\u0173 medis, kurio sunokintus vaisius \u201eragausime&#8221; X tarptautiniame tautini\u0173 kult\u016br\u0173 festivalyje \u201eRudenin\u0117s\u201c!\u00a0<\/strong><\/div>\n<\/div>\n<div>\n<div>Egzistuoja legenda apie paslapting\u0105 med\u012f, ant kurio \u0161ak\u0173 \u017eydi spalvingi ir kvapn\u016bs \u017eiedai, noksta stebuklingi, siel\u0105 gydantys vaisiai. Tai \u012fvairi\u0173 taut\u0173 tradicijos, turtinan\u010dios viena kit\u0105. \u017dmon\u0117s, paragav\u0119 \u0161i\u0173 vaisi\u0173, i\u0161gars\u0117ja savo geb\u0117jimais ir talentai. \u0160is medis i\u0161dygsta, \u017eydi ir savo vaisius nokina kas antrus metus Lietuvoje, Visagino mieste.<\/div>\n<div>\u00a0<\/div>\n<\/div>\n<div>\n<div><em>Tradicija tap\u0119s festivalis suburs taut\u0173 atstovus, pristatysian\u010dius savo kult\u016br\u0173 ypatumus! I\u0161sisaugokite dat\u0105 ir nepraleiskite!<\/em><\/div>\n<\/div><\/div>\n","protected":false},"excerpt":{"rendered":"<p>Rugs\u0117jo 25 ir 26 dien\u0105 Visagine vyks jubiliejinis festivalis \u201eRudenin\u0117s\u201c: dvi dienos koncert\u0173, tradicij\u0173 ir taut\u0173 bendryst\u0117s rengini\u0173.<\/p>\n","protected":false},"author":0,"featured_media":51590,"comment_status":"open","ping_status":"open","sticky":false,"template":"","format":"standard","meta":{"_acf_changed":false,"footnotes":""},"categories":[15],"tags":[39894,922,1413,39893,18326,1125],"miestas":[73],"class_list":["post-51589","post","type-post","status-publish","format-standard","has-post-thumbnail","hentry","category-regionai","tag-gyvoji-tradicija","tag-koncertai","tag-kulturos-festivaliai","tag-rudenines","tag-tautines-bendrijos","tag-visaginas","miestas-visagino-savivaldybe"],"acf":[],"_links":{"self":[{"href":"https:\/\/cp.snarskis.lt\/index.php\/wp-json\/wp\/v2\/posts\/51589","targetHints":{"allow":["GET"]}}],"collection":[{"href":"https:\/\/cp.snarskis.lt\/index.php\/wp-json\/wp\/v2\/posts"}],"about":[{"href":"https:\/\/cp.snarskis.lt\/index.php\/wp-json\/wp\/v2\/types\/post"}],"replies":[{"embeddable":true,"href":"https:\/\/cp.snarskis.lt\/index.php\/wp-json\/wp\/v2\/comments?post=51589"}],"version-history":[{"count":0,"href":"https:\/\/cp.snarskis.lt\/index.php\/wp-json\/wp\/v2\/posts\/51589\/revisions"}],"wp:featuredmedia":[{"embeddable":true,"href":"https:\/\/cp.snarskis.lt\/index.php\/wp-json\/wp\/v2\/media\/51590"}],"wp:attachment":[{"href":"https:\/\/cp.snarskis.lt\/index.php\/wp-json\/wp\/v2\/media?parent=51589"}],"wp:term":[{"taxonomy":"category","embeddable":true,"href":"https:\/\/cp.snarskis.lt\/index.php\/wp-json\/wp\/v2\/categories?post=51589"},{"taxonomy":"post_tag","embeddable":true,"href":"https:\/\/cp.snarskis.lt\/index.php\/wp-json\/wp\/v2\/tags?post=51589"},{"taxonomy":"miestas","embeddable":true,"href":"https:\/\/cp.snarskis.lt\/index.php\/wp-json\/wp\/v2\/miestas?post=51589"}],"curies":[{"name":"wp","href":"https:\/\/api.w.org\/{rel}","templated":true}]}}