{"id":51591,"date":"2026-09-04T01:42:07","date_gmt":"2026-09-04T01:42:07","guid":{"rendered":"https:\/\/cp.snarskis.lt\/index.php\/2026\/09\/04\/po-audros-zarasu-rajone-dar-be-elektros-sodybos-o-seniunai-praso-vieno-sprendimo-visiems\/"},"modified":"2026-09-04T01:42:07","modified_gmt":"2026-09-04T01:42:07","slug":"po-audros-zarasu-rajone-dar-be-elektros-sodybos-o-seniunai-praso-vieno-sprendimo-visiems","status":"publish","type":"post","link":"https:\/\/cp.snarskis.lt\/index.php\/2026\/09\/04\/po-audros-zarasu-rajone-dar-be-elektros-sodybos-o-seniunai-praso-vieno-sprendimo-visiems\/","title":{"rendered":"Po audros Zaras\u0173 rajone \u2013 dar be elektros sodybos, o seni\u016bnai pra\u0161o vieno sprendimo visiems"},"content":{"rendered":"<p>Zaras\u0173 rajono savivaldyb\u0117je rugs\u0117jo 2 dien\u0105 vykusiame seni\u016bn\u0173 susirinkime daugiausia d\u0117mesio skirta rugpj\u016b\u010dio pabaigoje pra\u016b\u017eusios audros padariniams. Aptarti nuvirt\u0119 med\u017eiai, apgadinta infrastrukt\u016bra, u\u017eversti keliai ir u\u017esit\u0119susios elektros tiekimo problemos atokesn\u0117se vietov\u0117se.<\/p>\n<p>Susitikime dalyvavo rajono vadovai ir vis\u0173 seni\u016bnij\u0173 atstovai, kurie pateik\u0117 situacijos suvestin\u0119 i\u0161 savo teritorij\u0173. Sutarta, kad prioritetas i\u0161lieka \u017emoni\u0173 saugumas ir pagrindini\u0173 susisiekimo keli\u0173 praeinamumas, o lik\u0119 darbai bus planuojami pagal rizik\u0105 ir turimus resursus.<\/p>\n<h2>Padariniai: keliai atlaisvinti, darb\u0173 dar liko<\/h2>\n<p>Seni\u016bnai informavo, kad pagrindiniai keliai daugumoje vietovi\u0173 jau atlaisvinti, ta\u010diau pakel\u0117se ir vie\u0161osiose erdv\u0117se dar gausu nul\u016b\u017eusi\u0173 ar pavojingai pasvirusi\u0173 med\u017ei\u0173. Dalis darb\u0173 negali b\u016bti u\u017ebaigti be specialiosios technikos, auk\u0161talipi\u0173 ir papildomo finansavimo.<\/p>\n<p>Imbrado seni\u016bnijoje audra ypa\u010d smarkiai paveik\u0117 park\u0105: i\u0161virto apie de\u0161imt sen\u0173 med\u017ei\u0173, nukent\u0117jo dalis infrastrukt\u016bros. Seni\u016bnija akcentavo bendruomen\u0117s pagalb\u0105, kuri per trump\u0105 laik\u0105 leido sutvarkyti pavojingiausias vietas ir u\u017etikrinti, kad suplanuotas renginys gal\u0117t\u0173 \u012fvykti.<\/p>\n<p>Turmanto seni\u016bnijoje daugiausia problem\u0173 k\u0117l\u0117 ant keli\u0173 nuvirt\u0119 med\u017eiai, taip pat buvo apgadinta vien\u0173 kapini\u0173 tvora. Duset\u0173 seni\u016bnijoje v\u0117jovartos fiksuotos pakel\u0117se, kapin\u0117se ir parkuose, o Zaras\u0173 seni\u016bnijoje \u017eal\u0105 patyr\u0117 miesto vie\u0161osios erdv\u0117s, dalis ap\u0161vietimo ir ma\u017eosios infrastrukt\u016bros, taip pat kai kurios kapaviet\u0117s.<\/p>\n<p>Susirinkime pabr\u0117\u017eta, kad pirmiausia \u0161alinami med\u017eiai, keliantys tiesiogin\u0119 gr\u0117sm\u0119 \u017emon\u0117ms ir turtui. Seni\u016bnijoms pavesta sudaryti likusi\u0173 pavojing\u0173 med\u017ei\u0173 s\u0105ra\u0161us, kad b\u016bt\u0173 ai\u0161kiau, kur reikalingos papildomos l\u0117\u0161os ir technika.<\/p>\n<h2>Generatoriai kaip pagalbos ta\u0161kai<\/h2>\n<p>Viena jautriausi\u0173 tem\u0173 liko elektros tiekimas: dalis atokesni\u0173 sodyb\u0173 ir pavieni\u0173 nam\u0173 gyventoj\u0173 po audros dar kur\u012f laik\u0105 susid\u016br\u0117 su sutrikimais. Seni\u016bnai informacij\u0105 apie tokius atvejus perdav\u0117 bendrovei \u201eEnergijos skirstymo operatorius\u201c ir akcentavo, kad nutr\u016bkus elektrai labiausiai nuken\u010dia tie, kurie neturi alternatyvi\u0173 energijos \u0161altini\u0173.<\/p>\n<p>Susirinkime aptarta praktin\u0117 patirtis, kai dingus elektrai seni\u016bnij\u0173 patalpos tapo vietomis, kur gyventojai gal\u0117jo \u012fkrauti telefonus, i\u0161orines baterijas ar pasir\u016bpinti kar\u0161tu vandeniu. Duset\u0173 seni\u016bnijos si\u016blymu, kiekvienos seni\u016bnijos centre tur\u0117t\u0173 b\u016bti nuolat laikomas bent vienas generatorius, kad ekstremalios situacijos metu b\u016bt\u0173 u\u017etikrintas stabilus pagalbos ta\u0161kas.<\/p>\n<p>Rajono vadovai ir seni\u016bnai sutar\u0117 \u012fvertinti real\u0173 poreik\u012f ir ka\u0161tus bei ie\u0161koti sprendimo, kuris apimt\u0173 visus seni\u016bnij\u0173 centrus. Taip pat akcentuota, kad generatoriai yra tik laikinas sprendimas, ta\u010diau jie gali reik\u0161mingai suma\u017einti rizikas, kai sutrinka ry\u0161ys, \u0161ildymas ar vandens tiekimas.<\/p>\n<h2>Derliaus \u0161vent\u0117s ir kasdieniai darbai<\/h2>\n<p>Be audros padarini\u0173, aptartas pasirengimas rugs\u0117jo m\u0117nes\u012f vyksiantiems renginiams, \u012fskaitant Derliaus \u0161vent\u0119 Zarasuose ir seni\u016bnij\u0173 organizuojamas vietos \u0161ventes. D\u0117l audros pa\u017eeistose teritorijose numatyta paspartinti tvarkymo darbus, kad vie\u0161osios erdv\u0117s b\u016bt\u0173 saugios lankytojams.<\/p>\n<p>Taip pat kalb\u0117ta apie vietin\u0117s reik\u0161m\u0117s keli\u0173 prie\u017ei\u016br\u0105, \u017evyravim\u0105, pakeli\u0173 \u0161ienavim\u0105 ir pralaid\u0173 tvarkym\u0105, nes po li\u016b\u010di\u0173 dalyje ruo\u017e\u0173 atsirado prov\u0117\u017e\u0173 ir vandens i\u0161plov\u0173. Seni\u016bnijos \u012fpareigotos per\u017ei\u016br\u0117ti darb\u0173 apimtis ir planuoti papildom\u0105 profiliavim\u0105 ten, kur keliai grei\u010diausiai praranda pralaidum\u0105.<\/p>\n<p>Susirinkime paliestas ir invazini\u0173 augal\u0173 plitimo klausimas, planuojant nauj\u0105 naikinimo etap\u0105 ir tikslinant \u017eem\u0117lapius pagal seni\u016bnij\u0173 pateikt\u0105 informacij\u0105. Taip pat prad\u0117tas aptarti pasirengimas \u017eiemos sezonui, \u012fsivertinant sutar\u010di\u0173 liku\u010dius ir poreik\u012f laiku organizuoti vie\u0161uosius pirkimus sniego valymo paslaugoms.<\/p>\n<p>Susitikimo pabaigoje rajono vadovai pad\u0117kojo seni\u016bnij\u0173 darbuotojams, ugniagesiams, kariams, \u016bkininkams ir gyventojams, prisid\u0117jusiems prie padarini\u0173 \u0161alinimo. Pabr\u0117\u017eta, kad darbai bus t\u0119siami nuosekliai, pirmiausia u\u017etikrinant saugum\u0105 keliuose, parkuose, kapin\u0117se ir kitose labiausiai nukent\u0117jusiose vietose.<\/p>\n","protected":false},"excerpt":{"rendered":"<p>Zaras\u0173 rajone po audros dar tvarkomi nuvirt\u0119 med\u017eiai ir apgadintos erdv\u0117s, o seni\u016bnai si\u016blo seni\u016bnij\u0173 centrus apr\u016bpinti generatoriais.<\/p>\n","protected":false},"author":0,"featured_media":51592,"comment_status":"open","ping_status":"open","sticky":false,"template":"","format":"standard","meta":{"_acf_changed":false,"footnotes":""},"categories":[15],"tags":[35824,39895,3843,5337,16203,534,1181],"miestas":[62],"class_list":["post-51591","post","type-post","status-publish","format-standard","has-post-thumbnail","hentry","category-regionai","tag-audros-padariniai","tag-derliaus-svente","tag-elektros-tiekimas","tag-energijos-skirstymo-operatorius","tag-generatoriai","tag-seniunijos","tag-zarasu-rajono-savivaldybe","miestas-zarasu-rajono-savivaldybe"],"acf":[],"_links":{"self":[{"href":"https:\/\/cp.snarskis.lt\/index.php\/wp-json\/wp\/v2\/posts\/51591","targetHints":{"allow":["GET"]}}],"collection":[{"href":"https:\/\/cp.snarskis.lt\/index.php\/wp-json\/wp\/v2\/posts"}],"about":[{"href":"https:\/\/cp.snarskis.lt\/index.php\/wp-json\/wp\/v2\/types\/post"}],"replies":[{"embeddable":true,"href":"https:\/\/cp.snarskis.lt\/index.php\/wp-json\/wp\/v2\/comments?post=51591"}],"version-history":[{"count":0,"href":"https:\/\/cp.snarskis.lt\/index.php\/wp-json\/wp\/v2\/posts\/51591\/revisions"}],"wp:featuredmedia":[{"embeddable":true,"href":"https:\/\/cp.snarskis.lt\/index.php\/wp-json\/wp\/v2\/media\/51592"}],"wp:attachment":[{"href":"https:\/\/cp.snarskis.lt\/index.php\/wp-json\/wp\/v2\/media?parent=51591"}],"wp:term":[{"taxonomy":"category","embeddable":true,"href":"https:\/\/cp.snarskis.lt\/index.php\/wp-json\/wp\/v2\/categories?post=51591"},{"taxonomy":"post_tag","embeddable":true,"href":"https:\/\/cp.snarskis.lt\/index.php\/wp-json\/wp\/v2\/tags?post=51591"},{"taxonomy":"miestas","embeddable":true,"href":"https:\/\/cp.snarskis.lt\/index.php\/wp-json\/wp\/v2\/miestas?post=51591"}],"curies":[{"name":"wp","href":"https:\/\/api.w.org\/{rel}","templated":true}]}}