{"id":51595,"date":"2026-09-04T02:00:57","date_gmt":"2026-09-04T02:00:57","guid":{"rendered":"https:\/\/cp.snarskis.lt\/index.php\/2026\/09\/04\/vilkaviskyje-meras-atsisveikino-su-legendinemis-mokytojomis-uz-ka-dekojo-trim-pedagogems\/"},"modified":"2026-09-04T02:00:57","modified_gmt":"2026-09-04T02:00:57","slug":"vilkaviskyje-meras-atsisveikino-su-legendinemis-mokytojomis-uz-ka-dekojo-trim-pedagogems","status":"publish","type":"post","link":"https:\/\/cp.snarskis.lt\/index.php\/2026\/09\/04\/vilkaviskyje-meras-atsisveikino-su-legendinemis-mokytojomis-uz-ka-dekojo-trim-pedagogems\/","title":{"rendered":"Vilkavi\u0161kyje meras atsisveikino su legendin\u0117mis mokytojomis: u\u017e k\u0105 d\u0117kojo trim pedagog\u0117ms"},"content":{"rendered":"<p>Vilkavi\u0161kio rajono savivaldyb\u0117s meras Algirdas Neiberka apsilank\u0117 Vilkavi\u0161kio \u201e\u0104\u017euolo\u201c progimnazijoje ir Vilkavi\u0161kio \u201eAu\u0161ros\u201c gimnazijoje. \u010cia jis pad\u0117kojo trims ilgamet\u0117ms pedagog\u0117ms, baigusioms profesin\u0119 veikl\u0105 ugdymo \u012fstaigose.<\/p>\n<p>Savivaldyb\u0117 pabr\u0117\u017e\u0117, kad \u0161is susitikimas skirtas \u012fvertinti mokytoj\u0173 ind\u0117l\u012f \u012f mokini\u0173 pasiekimus ir mokykl\u0173 bendruomeni\u0173 gyvenim\u0105. Tokios pad\u0117kos, anot \u0161vietimo bendruomeni\u0173, tampa svarbiu simboliniu \u017eingsniu, stiprinan\u010diu pasitik\u0117jim\u0105 mokytojo profesija.<\/p>\n<p>Vilkavi\u0161kio \u201e\u0104\u017euolo\u201c progimnazijoje mero pad\u0117ka \u012fteikta pradinio ugdymo mokytojai Marijai \u017demaitienei. Jai d\u0117kota u\u017e ilgamet\u012f profesional\u0173 darb\u0105, ugdymo rezultatus ir aktyv\u0173 dalyvavim\u0105 mokyklos veikloje.<\/p>\n<p>Vilkavi\u0161kio \u201eAu\u0161ros\u201c gimnazijoje pad\u0117kos \u012fteiktos matematikos mokytojoms metodinink\u0117ms Virginijai Bartkuvienei ir Violetai Zajankauskienei. Savivaldyb\u0117 akcentavo j\u0173 atsaking\u0105 darb\u0105, atsidavim\u0105 mokiniams ir geb\u0117jim\u0105 motyvuoti jaunus \u017emones ie\u0161koti sprendim\u0173 bei siekti tiksl\u0173.<\/p>\n<p>\u201eNuo\u0161ird\u017eiai d\u0117koju u\u017e daugyb\u0119 met\u0173, skirt\u0173 mokyklai ir mokiniams. Per tuos metus J\u016bs ne tik perdav\u0117te \u017einias, bet ir lyd\u0117jote jaunus \u017emones j\u0173 augimo kelyje, dr\u0105sinote, pad\u0117jote atrasti savo stiprybes ir siekti u\u017esibr\u0117\u017et\u0173 tiksl\u0173. Linkiu sveikatos, gra\u017ei\u0173 akimirk\u0173, m\u0117gstamos veiklos ir daugiau laiko sau bei artimiesiems\u201c, \u2013 sak\u0117 meras A. Neiberka.<\/p>\n<p>Mokykl\u0173 atstovai pabr\u0117\u017e\u0117, kad ypa\u010d svarbus pedagog\u0173 nuoseklumas ir ry\u0161ys su mokiniais, kai \u0161vietimo sistema susiduria su mokytoj\u0173 tr\u016bkumu ir sen\u0117jan\u010diu pedagog\u0173 am\u017eiumi. D\u0117l to kiekvienas sprendimas rinktis mokytojo keli\u0105 ir likti mokykloje ilgus metus bendruomen\u0117se vertinamas kaip i\u0161skirtin\u0117 atsakomyb\u0117.<\/p>\n<p>Pedagog\u0117ms pad\u0117kos ir link\u0117jimai skamb\u0117jo ir i\u0161 mokykl\u0173 vadov\u0173 bei kolektyv\u0173. Gra\u017eius \u017eod\u017eius joms skyr\u0117 Vilkavi\u0161kio \u201e\u0104\u017euolo\u201c progimnazijos direktor\u0117 Gileta Naujokien\u0117, Vilkavi\u0161kio \u201eAu\u0161ros\u201c gimnazijos laikinai einanti direktoriaus pareigas Neringa Bartelien\u0117 ir abiej\u0173 mokykl\u0173 bendruomen\u0117s.<\/p>\n","protected":false},"excerpt":{"rendered":"<p>Vilkavi\u0161kyje meras Algirdas Neiberka pad\u0117kojo trims ilgamet\u0117ms pedagog\u0117ms, baigusioms darb\u0105 mokyklose, ir palink\u0117jo s\u0117km\u0117s naujame etape.<\/p>\n","protected":false},"author":0,"featured_media":51596,"comment_status":"open","ping_status":"open","sticky":false,"template":"","format":"standard","meta":{"_acf_changed":false,"footnotes":""},"categories":[15],"tags":[1423,8165,1756,8241,2937,539,2978],"miestas":[80],"class_list":["post-51595","post","type-post","status-publish","format-standard","has-post-thumbnail","hentry","category-regionai","tag-algirdas-neiberka","tag-matematika","tag-mokytojai","tag-pedagogai","tag-pradinis-ugdymas","tag-svietimas","tag-vilkaviskis","miestas-vilkaviskio-rajono-savivaldybe"],"acf":[],"_links":{"self":[{"href":"https:\/\/cp.snarskis.lt\/index.php\/wp-json\/wp\/v2\/posts\/51595","targetHints":{"allow":["GET"]}}],"collection":[{"href":"https:\/\/cp.snarskis.lt\/index.php\/wp-json\/wp\/v2\/posts"}],"about":[{"href":"https:\/\/cp.snarskis.lt\/index.php\/wp-json\/wp\/v2\/types\/post"}],"replies":[{"embeddable":true,"href":"https:\/\/cp.snarskis.lt\/index.php\/wp-json\/wp\/v2\/comments?post=51595"}],"version-history":[{"count":0,"href":"https:\/\/cp.snarskis.lt\/index.php\/wp-json\/wp\/v2\/posts\/51595\/revisions"}],"wp:featuredmedia":[{"embeddable":true,"href":"https:\/\/cp.snarskis.lt\/index.php\/wp-json\/wp\/v2\/media\/51596"}],"wp:attachment":[{"href":"https:\/\/cp.snarskis.lt\/index.php\/wp-json\/wp\/v2\/media?parent=51595"}],"wp:term":[{"taxonomy":"category","embeddable":true,"href":"https:\/\/cp.snarskis.lt\/index.php\/wp-json\/wp\/v2\/categories?post=51595"},{"taxonomy":"post_tag","embeddable":true,"href":"https:\/\/cp.snarskis.lt\/index.php\/wp-json\/wp\/v2\/tags?post=51595"},{"taxonomy":"miestas","embeddable":true,"href":"https:\/\/cp.snarskis.lt\/index.php\/wp-json\/wp\/v2\/miestas?post=51595"}],"curies":[{"name":"wp","href":"https:\/\/api.w.org\/{rel}","templated":true}]}}