{"id":51615,"date":"2026-09-04T02:10:27","date_gmt":"2026-09-04T02:10:27","guid":{"rendered":"https:\/\/cp.snarskis.lt\/index.php\/2026\/09\/04\/varenos-rajone-sutvarke-partizanu-kapus-kai-kurios-istorijos-iki-siol-sukrecia\/"},"modified":"2026-09-04T02:10:27","modified_gmt":"2026-09-04T02:10:27","slug":"varenos-rajone-sutvarke-partizanu-kapus-kai-kurios-istorijos-iki-siol-sukrecia","status":"publish","type":"post","link":"https:\/\/cp.snarskis.lt\/index.php\/2026\/09\/04\/varenos-rajone-sutvarke-partizanu-kapus-kai-kurios-istorijos-iki-siol-sukrecia\/","title":{"rendered":"Var\u0117nos rajone sutvark\u0117 partizan\u0173 kapus: kai kurios istorijos iki \u0161iol sukre\u010dia"},"content":{"rendered":"<p>Var\u0117nos rajone sutvarkytos istorin\u0119 ir memorialin\u0119 reik\u0161m\u0119 turin\u010dios partizan\u0173 ir savanori\u0173 kapaviet\u0117s Pauli\u0173, Zervyn\u0173, Perlojos, Marcinkoni\u0173 ir Merge\u017eerio kapin\u0117se. Tokie darbai laikomi svarbia atminimo \u012fam\u017einimo dalimi, nes daugelis laisv\u0117s kov\u0173 viet\u0173 ilgus metus buvo apleistos, o dalies \u017euvusi\u0173j\u0173 pavard\u0117s ir aplinkyb\u0117s ilgai liko ne\u017einomos.<\/p>\n<p>Pauli\u0173 kapin\u0117se naujai \u012frengta partizano Vinco Rasimavi\u010diaus-\u017dvirblio kapaviet\u0117. Pastatytas tipinis kario kry\u017eelis su \u012fra\u0161u, \u012frengti kapaviet\u0117s borteliai, ji u\u017edengta granito plok\u0161te, o ant kry\u017eiaus pritvirtintas partizano atminimo \u017eenklas.<\/p>\n<p>Zervyn\u0173 kapin\u0117se sutvarkytas ne\u017einomo Nepriklausomyb\u0117s kov\u0173 savanorio kapas. \u012erengtas tipinis kario kry\u017eelis su \u012fra\u0161u, suformuoti kapaviet\u0117s borteliai ir paklota granito plok\u0161t\u0117, kad kapas b\u016bt\u0173 ai\u0161kiai atpa\u017e\u012fstamas ir apsaugotas nuo nykimo.<\/p>\n<p>Perlojos kapin\u0117se sutvarkyta Vytenio t\u0117v\u016bnijos Genio b\u016brio partizan\u0173 kapaviet\u0117. Sutvirtintos aplink paminkl\u0105 esan\u010dios plok\u0161t\u0117s, o po jomis pagrindas i\u0161gr\u012fstas trinkel\u0117mis, taip u\u017etikrinant, kad memorialas nebeskeld\u0117t\u0173 ir nebes\u0117st\u0173.<\/p>\n<p>Marcinkoni\u0173 kapin\u0117se atlikti darbai Dainavos apygardos Merkio rinktin\u0117s perlaidot\u0173 partizan\u0173 kapaviet\u0117je. I\u0161lygintas pasvir\u0119s paminklas, sutvarkyti nutrup\u0117jimai, atnaujintos esamos paminklin\u0117s plok\u0161t\u0117s, \u012frengti nauji kapaviet\u0117s borteliai ir paklota granito plok\u0161t\u0117, o ant paminklo pritvirtintas partizano atminimo \u017eenklas.<\/p>\n<p>Merge\u017eerio kapin\u0117se sutvarkytas bendras partizano Alfonso Siaurai\u010dio-Klevo, jo \u017emonos ir partizano vokie\u010dio i\u0161 Hamburgo, slapyvard\u017eiu Algirdas, Berlynas, kapas. De\u0161in\u0117je kapaviet\u0117s pus\u0117je \u012frengta juodo granito paminklin\u0117 plok\u0161t\u0117, skirta Algirdui, Berlynui, su biografiniais duomenimis, o ant A. Siaurai\u010dio ir Algirdo, Berlyno plok\u0161\u010di\u0173 pritvirtinta po partizan\u0173 atminimo \u017eenkl\u0105.<\/p>\n<p>Taip pat atstatytas nugriautas senasis Siaurai\u010di\u0173 \u0161eimos antkapinis paminklas, kuris buvo svarbi \u0161eimos ir vietos atminties \u017eym\u0117. Vietos bendruomen\u0117ms tokios iniciatyvos svarbios ne tik kaip pagarbos \u017eenklas \u017euvusiesiems, bet ir kaip istorijos perdavimas jaunajai kartai per konkre\u010dias vietas bei vardus.<\/p>\n<p>Atminimo viet\u0173 prie\u017ei\u016bra \u0161iandien vis da\u017eniau suvokiama kaip ilgalaikis \u012fsipareigojimas, o ne vienkartinis sutvarkymas. Sutvarkytos kapaviet\u0117s padeda i\u0161saugoti Lietuvos laisv\u0117s kovotoj\u0173 atminim\u0105 ir primena Var\u0117nos kra\u0161to vaidmen\u012f rezistencijos istorijoje, kuri iki \u0161iol i\u0161lieka jautri ir reik\u0161minga visuomen\u0117s tapatybei.<\/p>\n","protected":false},"excerpt":{"rendered":"<p>Var\u0117nos rajono kapin\u0117se sutvarkytos partizan\u0173 ir savanori\u0173 kapaviet\u0117s: atnaujinti paminklai, \u012frengtos granito plok\u0161t\u0117s ir atminimo \u017eenklai.<\/p>\n","protected":false},"author":0,"featured_media":51616,"comment_status":"open","ping_status":"open","sticky":false,"template":"","format":"standard","meta":{"_acf_changed":false,"footnotes":""},"categories":[15],"tags":[15654,39905,9047,957,39903,920,39904],"miestas":[78],"class_list":["post-51615","post","type-post","status-publish","format-standard","has-post-thumbnail","hentry","category-regionai","tag-dainavos-apygarda","tag-kapavieciu-tvarkymas","tag-marcinkonys","tag-partizanai","tag-perloja","tag-varenos-rajonas","tag-zervynos","miestas-varenos-rajono-savivaldybe"],"acf":[],"_links":{"self":[{"href":"https:\/\/cp.snarskis.lt\/index.php\/wp-json\/wp\/v2\/posts\/51615","targetHints":{"allow":["GET"]}}],"collection":[{"href":"https:\/\/cp.snarskis.lt\/index.php\/wp-json\/wp\/v2\/posts"}],"about":[{"href":"https:\/\/cp.snarskis.lt\/index.php\/wp-json\/wp\/v2\/types\/post"}],"replies":[{"embeddable":true,"href":"https:\/\/cp.snarskis.lt\/index.php\/wp-json\/wp\/v2\/comments?post=51615"}],"version-history":[{"count":0,"href":"https:\/\/cp.snarskis.lt\/index.php\/wp-json\/wp\/v2\/posts\/51615\/revisions"}],"wp:featuredmedia":[{"embeddable":true,"href":"https:\/\/cp.snarskis.lt\/index.php\/wp-json\/wp\/v2\/media\/51616"}],"wp:attachment":[{"href":"https:\/\/cp.snarskis.lt\/index.php\/wp-json\/wp\/v2\/media?parent=51615"}],"wp:term":[{"taxonomy":"category","embeddable":true,"href":"https:\/\/cp.snarskis.lt\/index.php\/wp-json\/wp\/v2\/categories?post=51615"},{"taxonomy":"post_tag","embeddable":true,"href":"https:\/\/cp.snarskis.lt\/index.php\/wp-json\/wp\/v2\/tags?post=51615"},{"taxonomy":"miestas","embeddable":true,"href":"https:\/\/cp.snarskis.lt\/index.php\/wp-json\/wp\/v2\/miestas?post=51615"}],"curies":[{"name":"wp","href":"https:\/\/api.w.org\/{rel}","templated":true}]}}