{"id":51646,"date":"2026-09-04T11:48:42","date_gmt":"2026-09-04T11:48:42","guid":{"rendered":"https:\/\/cp.snarskis.lt\/index.php\/2026\/09\/04\/cekijos-vicepremjeras-bendras-di-gigafabrikos-planas-su-lenkija-gali-sustiprinti-cee-balsa-es\/"},"modified":"2026-09-04T11:48:42","modified_gmt":"2026-09-04T11:48:42","slug":"cekijos-vicepremjeras-bendras-di-gigafabrikos-planas-su-lenkija-gali-sustiprinti-cee-balsa-es","status":"publish","type":"post","link":"https:\/\/cp.snarskis.lt\/index.php\/2026\/09\/04\/cekijos-vicepremjeras-bendras-di-gigafabrikos-planas-su-lenkija-gali-sustiprinti-cee-balsa-es\/","title":{"rendered":"\u010cekijos vicepremjeras: bendras DI \u201egigafabrikos\u201c planas su Lenkija gali sustiprinti CEE bals\u0105 ES"},"content":{"rendered":"<p>Lenkija ir \u010cekija stiprina bendradarbiavim\u0105 dirbtinio intelekto srityje, siekdamos sustiprinti Vidurio ir Ryt\u0173 Europos pozicijas Europos S\u0105jungoje. Prahoje vykusiame CEE DI vir\u0161\u016bni\u0173 susitikime pasira\u0161yta vadinamoji Prahos deklaracija, kuria \u0161alys \u012fsipareigojo koordinuoti veiksmus ir keistis paj\u0117gumais.<\/p>\n<p>\u010cekijos vicepremjeras ir pramon\u0117s bei prekybos ministras Karel Havl\u00ed\u010dek teig\u0117, kad regiono \u0161alims svarbu veikti i\u0161vien, ypa\u010d kai ES planuoja didelius skai\u010diavimo infrastrukt\u016bros projektus. Anot jo, bendras po\u017ei\u016bris padidina \u0161ansus, kad investicijos ir paj\u0117gumai b\u016bt\u0173 nukreipti ne tik \u012f did\u017ei\u0105sias Vakar\u0173 Europos valstybes.<\/p>\n<p>\u201eI\u0161 mano perspektyvos tai tikras l\u016b\u017eis. Parodome, kad Vidurio ir Ryt\u0173 Europos \u0161alys gali atlikti svarb\u0173 vaidmen\u012f DI ir Europos DI ekonomikoje\u201c, \u2013 sak\u0117 Karel Havl\u00ed\u010dek.<\/p>\n<h2>Kas numatyta susitarimuose<\/h2>\n<p>Pasira\u0161yti dokumentai numato darbin\u012f bendradarbiavim\u0105 ir pozicij\u0173 derinim\u0105 europiniuose formatuose, taip pat bendras iniciatyvas, susijusias su ES skai\u010diavimo infrastrukt\u016bros ir investicij\u0173 priemon\u0117mis. Praktiniu lygmeniu akcentuojamas infrastrukt\u016bros panaudojimas vie\u0161ajam sektoriui, saugumui, moksliniams tyrimams ir DI pl\u0117trai.<\/p>\n<p>Did\u017eiausia ambicija \u2013 siekis tapti vienu i\u0161 region\u0173, kuriame gal\u0117t\u0173 atsirasti europin\u0117 DI \u201egigafabrika\u201c, tai yra itin didelio masto skai\u010diavimo ir duomen\u0173 centr\u0173 infrastrukt\u016bra. \u010cekijos pus\u0117 vie\u0161ai \u012fvardija, kad toks projektas gal\u0117t\u0173 kainuoti apie 4 milijardus eur\u0173, o pagrindin\u0117 finansavimo na\u0161ta b\u016bt\u0173 priva\u010di\u0173, \u012fskaitant tarptautines, bendroves, o ne vien valstyb\u0117.<\/p>\n<p>\u201e\u010cekija pasirengusi dal\u012f DI infrastrukt\u016bros atverti partneriams Lenkijoje \u2013 tiek vie\u0161ajam, tiek priva\u010diam sektoriui\u201c, \u2013 sak\u0117 Karel Havl\u00ed\u010dek.<\/p>\n<h2>Kod\u0117l svarbi skaitmenin\u0117 suverenitetas<\/h2>\n<p>\u010cekijos vicepremjeras pabr\u0117\u017e\u0117, kad bendra infrastrukt\u016bra ir glaudesnis bendradarbiavimas reik\u0161mingi ne vien ekonomikai. Jo teigimu, tai tiesiogiai susij\u0119 su skaitmeniniu suverenitetu, kibernetiniu saugumu ir atsparumu dezinformacijai, nes did\u0117jant DI panaudojimui auga ir technologini\u0173 gr\u0117smi\u0173 spektras.<\/p>\n<p>Pasak K. Havl\u00ed\u010deko, saugumas \u0161iandien apima ne tik gynyb\u0105, bet ir energetik\u0105, kibernetin\u0119 erdv\u0119 bei skaitmenin\u0119 infrastrukt\u016br\u0105. Jis taip pat akcentavo globali\u0105 konkurencij\u0105 su Azijos rinkomis ir teig\u0117, kad Europa privalo stiprinti savo technologin\u012f savaranki\u0161kum\u0105 bei mokslini\u0173 tyrim\u0173 potencial\u0105.<\/p>\n<p>\u010cekijos pus\u0117 atkreip\u0117 d\u0117mes\u012f ir \u012f did\u017ei\u0173j\u0173 technologij\u0173 bendrovi\u0173 vaidmen\u012f Europoje. K. Havl\u00ed\u010deko vertinimu, Europa \u0161i\u0173 \u012fmoni\u0173 paslaug\u0173 ir sprendim\u0173 reikia, ta\u010diau kartu b\u016btina u\u017etikrinti vienodas konkurencijos taisykles ir mokes\u010di\u0173 principus, kad europin\u0117s \u012fmon\u0117s gal\u0117t\u0173 var\u017eytis d\u0117l pana\u0161i\u0173 produkt\u0173 ir paslaug\u0173.<\/p>\n","protected":false},"excerpt":{"rendered":"<p>Lenkija ir \u010cekija susitar\u0117 koordinuoti DI politik\u0105 ir kartu siekti europin\u0117s DI gigafabrikos, akcentuodamos skaitmenin\u012f suverenitet\u0105 ir saugum\u0105.<\/p>\n","protected":false},"author":0,"featured_media":0,"comment_status":"open","ping_status":"open","sticky":false,"template":"","format":"standard","meta":{"_acf_changed":false,"footnotes":""},"categories":[7],"tags":[2009,102,11959,667,99,465,15528],"miestas":[],"class_list":["post-51646","post","type-post","status-publish","format-standard","hentry","category-technologijos","tag-cekija","tag-dirbtinis-intelektas","tag-eurohpc","tag-europos-komisija","tag-kibernetinis-saugumas","tag-lenkija","tag-skaitmenine-suverenitetas"],"acf":[],"_links":{"self":[{"href":"https:\/\/cp.snarskis.lt\/index.php\/wp-json\/wp\/v2\/posts\/51646","targetHints":{"allow":["GET"]}}],"collection":[{"href":"https:\/\/cp.snarskis.lt\/index.php\/wp-json\/wp\/v2\/posts"}],"about":[{"href":"https:\/\/cp.snarskis.lt\/index.php\/wp-json\/wp\/v2\/types\/post"}],"replies":[{"embeddable":true,"href":"https:\/\/cp.snarskis.lt\/index.php\/wp-json\/wp\/v2\/comments?post=51646"}],"version-history":[{"count":0,"href":"https:\/\/cp.snarskis.lt\/index.php\/wp-json\/wp\/v2\/posts\/51646\/revisions"}],"wp:attachment":[{"href":"https:\/\/cp.snarskis.lt\/index.php\/wp-json\/wp\/v2\/media?parent=51646"}],"wp:term":[{"taxonomy":"category","embeddable":true,"href":"https:\/\/cp.snarskis.lt\/index.php\/wp-json\/wp\/v2\/categories?post=51646"},{"taxonomy":"post_tag","embeddable":true,"href":"https:\/\/cp.snarskis.lt\/index.php\/wp-json\/wp\/v2\/tags?post=51646"},{"taxonomy":"miestas","embeddable":true,"href":"https:\/\/cp.snarskis.lt\/index.php\/wp-json\/wp\/v2\/miestas?post=51646"}],"curies":[{"name":"wp","href":"https:\/\/api.w.org\/{rel}","templated":true}]}}