{"id":51662,"date":"2026-09-04T12:52:06","date_gmt":"2026-09-04T12:52:06","guid":{"rendered":"https:\/\/cp.snarskis.lt\/index.php\/2026\/09\/04\/per-viena-diena-apkeliausite-desimtis-saliu-bernardinu-sode-vyks-vilnius-is-my-city\/"},"modified":"2026-09-04T12:52:06","modified_gmt":"2026-09-04T12:52:06","slug":"per-viena-diena-apkeliausite-desimtis-saliu-bernardinu-sode-vyks-vilnius-is-my-city","status":"publish","type":"post","link":"https:\/\/cp.snarskis.lt\/index.php\/2026\/09\/04\/per-viena-diena-apkeliausite-desimtis-saliu-bernardinu-sode-vyks-vilnius-is-my-city\/","title":{"rendered":"Per vien\u0105 dien\u0105 apkeliausite de\u0161imtis \u0161ali\u0173: Bernardin\u0173 sode vyks \u201eVilnius Is My City\u201c"},"content":{"rendered":"<p>Rugs\u0117jo 5 dien\u0105 Vilniaus Bernardin\u0173 sodas vienai dienai virs tarptautine kult\u016br\u0173 aik\u0161te \u2013 \u010dia vyks penkt\u0105 kart\u0105 rengiama \u0161vent\u0117 \u201eVilnius Is My City\u201c. Organizatoriai kvie\u010dia vilnie\u010dius ir miesto sve\u010dius nuo 11 iki 20 valandos susipa\u017einti su Vilniuje gyvenan\u010diomis skirting\u0173 \u0161ali\u0173 bendruomen\u0117mis, j\u0173 tradicijomis ir skoni\u0173 \u012fvairove.<\/p>\n<p>\u0160i\u0173 met\u0173 renginio a\u0161is \u2013 bendro stalo id\u0117ja. Ji \u017eada ne tik simbolin\u0119, bet ir prakti\u0161k\u0105 erdv\u0119 pokalbiui: nuo paprasto pasisveikinimo kita kalba iki pasidalijimo istorijomis apie \u0161alies \u0161ventes, papro\u010dius ar kasdien\u012f gyvenim\u0105 Vilniuje.<\/p>\n<p>\u201eVilnius yra miestas, kuriame nuolat susitinka skirtingos patirtys. Tod\u0117l kvie\u010diame ne steb\u0117ti vieniems kitus i\u0161 \u0161alies, o sus\u0117sti prie bendro stalo\u201c, \u2013 sak\u0117 Vilniaus miesto verslo ir turizmo pl\u0117tros agent\u016bros \u201eGo Vilnius\u201c U\u017esienio talent\u0173 skyriaus vadov\u0117 Indr\u0117 Lau\u010dien\u0117.<\/p>\n<p>Renginyje \u017eadama gausi patir\u010di\u0173 programa: nuo skirting\u0173 virtuvi\u0173 ragavimo ir tautini\u0173 drabu\u017ei\u0173 pristatym\u0173 iki tradicini\u0173 \u0161oki\u0173, \u017eaidim\u0173 bei amat\u0173. Bendruomen\u0117s planuoja ne tik pasakoti apie savo kult\u016br\u0105, bet ir \u012ftraukti lankytojus \u012f k\u016brybines dirbtuves, kuriose bus galima i\u0161bandyti rankdarbius, ornamentik\u0105 ar kaligrafijos principus.<\/p>\n<p>Daug d\u0117mesio skiriama ir judesiui \u2013 lankytojai gal\u0117s prisijungti prie \u0161oki\u0173 pamok\u0173 bei aktyvi\u0173 u\u017esi\u0117mim\u0173. Numatyta, kad dalyje programos dalyvaus ir Vilniaus \u201eRyto\u201c fizinio rengimo treneriai kartu su jaunimo komandos krep\u0161ininkais, kviesdami \u012f sportines veiklas \u0161eimas ir jaunim\u0105.<\/p>\n<p>Atskira erdve taps Kalb\u0173 pieva, kur kalb\u0173 mokymasis bus pateikiamas kaip \u017eaidimas: trump\u0173 frazi\u0173 praktika, lengvos u\u017eduotys ir pa\u017eintis su skirtingomis kalbomis neformalioje aplinkoje. Organizatori\u0173 teigimu, tai b\u016bdas suma\u017einti barjerus ir paskatinti \u017emones dr\u0105siau u\u017emegzti kontakt\u0105.<\/p>\n<p>\u0160vent\u0117je taip pat planuojama erdv\u0117 u\u017esienio talentams, skirta Vilniuje gyvenantiems u\u017esienie\u010diams ir tarptautin\u0117s bendruomen\u0117s nariams megzti profesinius bei socialinius ry\u0161ius. Pastaraisiais metais Vilnius vis aktyviau konkuruoja d\u0117l tarptautini\u0173 specialist\u0173, o bendruomen\u0117s renginiai tampa svarbia integracijos ir miesto patrauklumo dalimi.<\/p>\n<p>Organizatoriai primena, kad sostin\u0117je gyvena apie 78 000 u\u017esienio \u0161ali\u0173 pilie\u010di\u0173 i\u0161 154 valstybi\u0173, o tarptautin\u0117 miesto bendruomen\u0117 per pastaruosius metus augo 4,4 proc. Toks kontekstas, pasak renginio iniciatori\u0173, rodo, kad tarpkult\u016briniai susitikimai mieste tampa ne i\u0161imtimi, o kasdienybe.<\/p>\n<p>Renginio metu pirm\u0105 kart\u0105 bus \u012fteikti \u201eVilnius Is My City Awards\u201c apdovanojimai, skirti \u012fvertinti Vilniuje gyvenan\u010di\u0173 u\u017esienie\u010di\u0173 ind\u0117l\u012f \u012f miesto versl\u0105, kult\u016br\u0105, gastronomij\u0105 ir \u017einomum\u0105. \u0160vent\u0117 nemokama ir atvira visiems \u2013 ji taip pat \u012ftraukta \u012f miesto festivalio \u201eVilniaus dienos\u201c program\u0105.<\/p>\n","protected":false},"excerpt":{"rendered":"<p>Rugs\u0117jo 5 dien\u0105 Vilniaus Bernardin\u0173 sodas vienai dienai virs tarptautine kult\u016br\u0173 aik\u0161te \u2013 \u010dia vyks penkt\u0105 kart\u0105 rengiama \u0161vent\u0117 \u201eVilnius Is My City\u201c&#8230;<\/p>\n","protected":false},"author":0,"featured_media":0,"comment_status":"open","ping_status":"open","sticky":false,"template":"","format":"standard","meta":{"_acf_changed":false,"footnotes":""},"categories":[15],"tags":[912,22657,25749,36607,36135,6526,36133],"miestas":[],"class_list":["post-51662","post","type-post","status-publish","format-standard","hentry","category-regionai","tag-bendruomenes","tag-bernardinu-sodas","tag-go-vilnius","tag-kulturu-festivaliai","tag-uzsienieciai-vilniuje","tag-vilniaus-dienos","tag-vilnius-is-my-city"],"acf":[],"_links":{"self":[{"href":"https:\/\/cp.snarskis.lt\/index.php\/wp-json\/wp\/v2\/posts\/51662","targetHints":{"allow":["GET"]}}],"collection":[{"href":"https:\/\/cp.snarskis.lt\/index.php\/wp-json\/wp\/v2\/posts"}],"about":[{"href":"https:\/\/cp.snarskis.lt\/index.php\/wp-json\/wp\/v2\/types\/post"}],"replies":[{"embeddable":true,"href":"https:\/\/cp.snarskis.lt\/index.php\/wp-json\/wp\/v2\/comments?post=51662"}],"version-history":[{"count":0,"href":"https:\/\/cp.snarskis.lt\/index.php\/wp-json\/wp\/v2\/posts\/51662\/revisions"}],"wp:attachment":[{"href":"https:\/\/cp.snarskis.lt\/index.php\/wp-json\/wp\/v2\/media?parent=51662"}],"wp:term":[{"taxonomy":"category","embeddable":true,"href":"https:\/\/cp.snarskis.lt\/index.php\/wp-json\/wp\/v2\/categories?post=51662"},{"taxonomy":"post_tag","embeddable":true,"href":"https:\/\/cp.snarskis.lt\/index.php\/wp-json\/wp\/v2\/tags?post=51662"},{"taxonomy":"miestas","embeddable":true,"href":"https:\/\/cp.snarskis.lt\/index.php\/wp-json\/wp\/v2\/miestas?post=51662"}],"curies":[{"name":"wp","href":"https:\/\/api.w.org\/{rel}","templated":true}]}}