{"id":51670,"date":"2026-09-04T13:32:20","date_gmt":"2026-09-04T13:32:20","guid":{"rendered":"https:\/\/cp.snarskis.lt\/index.php\/2026\/09\/04\/briuselis-uzdare-duris-brazilijos-mesai-ambasadorius-grasina-atsaku-itampa-auga\/"},"modified":"2026-09-04T13:32:20","modified_gmt":"2026-09-04T13:32:20","slug":"briuselis-uzdare-duris-brazilijos-mesai-ambasadorius-grasina-atsaku-itampa-auga","status":"publish","type":"post","link":"https:\/\/cp.snarskis.lt\/index.php\/2026\/09\/04\/briuselis-uzdare-duris-brazilijos-mesai-ambasadorius-grasina-atsaku-itampa-auga\/","title":{"rendered":"Briuselis u\u017edar\u0117 duris Brazilijos m\u0117sai: ambasadorius grasina atsaku, \u012ftampa auga"},"content":{"rendered":"<p>Europos Komisijos sprendimas sustabdyti m\u0117sos import\u0105 i\u0161 Brazilijos \u012fsigaliojo \u0161i\u0105 savait\u0119, o Brasilija jau kalba apie galimas atsakom\u0105sias priemones. Gin\u010das \u012fsiliepsnojo d\u0117l ES reikalavim\u0173, susijusi\u0173 su antibiotik\u0173 naudojimu gyv\u016bn\u0173 auginime.<\/p>\n<p>Brazilijos ambasadorius ES Pedro Miguel da Costa e Silva teigia, kad papildomi patikrinimai es\u0105 nereikalingi, nes Brazilija pateik\u0117 pakankamas garantijas. Tuo pat metu jis \u012fsp\u0117jo, kad jei importas nebus atnaujintas, svarstomi \u012fvair\u016bs atsako scenarijai.<\/p>\n<h2>Kas u\u017ekliuvo ES institucijoms?<\/h2>\n<p>Europos Komisija nurod\u0117, kad Brazilija buvo i\u0161braukta i\u0161 \u0161ali\u0173, atitinkan\u010di\u0173 ES maisto saugos taisykles, s\u0105ra\u0161o d\u0117l praktikos, kuri\u0105 ES sieja su antimikrobinio atsparumo did\u0117jimu. ES pozicija grind\u017eiama principu, kad antibiotikai neturi b\u016bti naudojami gyv\u016bn\u0173 augimui skatinti.<\/p>\n<p>Komisija taip pat akcentavo, kad kai kuri\u0173 produkt\u0173 patikros procesai t\u0119siasi, ta\u010diau d\u0117l jautienos auditui, ES vertinimu, nebuvo suteiktos b\u016btinos s\u0105lygos ir garantijos. D\u0117l to pasirinktas grie\u017etesnis kelias, kuris tur\u0117t\u0173 u\u017etikrinti vienod\u0105 rizikos valdym\u0105 visoje bendrijoje.<\/p>\n<h2>Brazilija kalba apie atsakom\u0105sias priemones<\/h2>\n<p>Brazilijos ambasadorius tikina, kad tokie reikalavimai, jo vertinimu, n\u0117ra proporcingi ir kad pana\u0161aus masto auditai ne visada taikomi kitoms eksportuojan\u010dioms valstyb\u0117ms. Jis pabr\u0117\u017e\u0117, kad derybos su Europos Komisija bus t\u0119siamos, ta\u010diau kantryb\u0117 n\u0117ra begalin\u0117.<\/p>\n<p>\u201eJei importas nebus atnaujintas, svarstysime visas galimybes ir galime b\u016bti k\u016brybingi\u201c, \u2013 sak\u0117 Pedro Miguel da Costa e Silva.<\/p>\n<p>Brazilijos Vyriausyb\u0117 vie\u0161ai u\u017esimin\u0117 apie kontrpriemones, jei ES sprendimas i\u0161liks galioti. Praktikoje tai gali reik\u0161ti grie\u017etesnes importo proced\u016bras, papildomus reikalavimus ar kitus prekybos ribojimus ES prek\u0117ms, nors konkre\u010di\u0173 \u017eingsni\u0173 kol kas ne\u012fvardyta.<\/p>\n<h2>ES atsakas: taisykl\u0117s vienodos visiems<\/h2>\n<p>Europos Komisija atmeta kaltinimus diskriminacija ir tvirtina, kad taisykl\u0117s taikomos nedarant i\u0161im\u010di\u0173. Komisijos atstovai pabr\u0117\u017eia, kad partneriams apie pasikeitimus buvo prane\u0161ta i\u0161 anksto, o prisitaikymui suteikta pakankamai laiko.<\/p>\n<p>\u201eM\u016bs\u0173 po\u017ei\u016bris yra nediskriminacinis, o partneriams suteik\u0117me pakankamai laiko ir informacijos prisitaikyti\u201c, \u2013 sak\u0117 Europos Komisijos atstovas Olof Gill.<\/p>\n<p>\u0160is konfliktas vyksta platesniame kontekste: ES stiprina priemones prie\u0161 antimikrobin\u012f atsparum\u0105, o importo kontrol\u0117 tampa viena i\u0161 priemoni\u0173 u\u017etikrinti, kad tre\u010di\u0173j\u0173 \u0161ali\u0173 produkcija atitikt\u0173 tuos pa\u010dius standartus kaip ir ES gamintoj\u0173. Gin\u010das taip pat didina \u012ftamp\u0105 d\u0117l prekybos su Mercosur bloku, kurio at\u017evilgiu dalis Europos \u016bkinink\u0173 jau anks\u010diau rei\u0161k\u0117 susir\u016bpinim\u0105 d\u0117l konkurencijos ir standart\u0173 laikymosi.<\/p>\n","protected":false},"excerpt":{"rendered":"<p>Europos Komisija sustabd\u0117 Brazilijos m\u0117sos import\u0105 d\u0117l antibiotik\u0173 naudojimo, o Brazilijos ambasadorius ES jau u\u017esimena apie galim\u0105 atsak\u0105.<\/p>\n","protected":false},"author":0,"featured_media":51671,"comment_status":"open","ping_status":"open","sticky":false,"template":"","format":"standard","meta":{"_acf_changed":false,"footnotes":""},"categories":[94],"tags":[11779,5595,8176,667,1796,5073,6236],"miestas":[],"class_list":["post-51670","post","type-post","status-publish","format-standard","has-post-thumbnail","hentry","category-finansai","tag-antibiotikai","tag-antimikrobinis-atsparumas","tag-brazilija","tag-europos-komisija","tag-maisto-sauga","tag-mercosur","tag-tarptautine-prekyba"],"acf":[],"_links":{"self":[{"href":"https:\/\/cp.snarskis.lt\/index.php\/wp-json\/wp\/v2\/posts\/51670","targetHints":{"allow":["GET"]}}],"collection":[{"href":"https:\/\/cp.snarskis.lt\/index.php\/wp-json\/wp\/v2\/posts"}],"about":[{"href":"https:\/\/cp.snarskis.lt\/index.php\/wp-json\/wp\/v2\/types\/post"}],"replies":[{"embeddable":true,"href":"https:\/\/cp.snarskis.lt\/index.php\/wp-json\/wp\/v2\/comments?post=51670"}],"version-history":[{"count":0,"href":"https:\/\/cp.snarskis.lt\/index.php\/wp-json\/wp\/v2\/posts\/51670\/revisions"}],"wp:featuredmedia":[{"embeddable":true,"href":"https:\/\/cp.snarskis.lt\/index.php\/wp-json\/wp\/v2\/media\/51671"}],"wp:attachment":[{"href":"https:\/\/cp.snarskis.lt\/index.php\/wp-json\/wp\/v2\/media?parent=51670"}],"wp:term":[{"taxonomy":"category","embeddable":true,"href":"https:\/\/cp.snarskis.lt\/index.php\/wp-json\/wp\/v2\/categories?post=51670"},{"taxonomy":"post_tag","embeddable":true,"href":"https:\/\/cp.snarskis.lt\/index.php\/wp-json\/wp\/v2\/tags?post=51670"},{"taxonomy":"miestas","embeddable":true,"href":"https:\/\/cp.snarskis.lt\/index.php\/wp-json\/wp\/v2\/miestas?post=51670"}],"curies":[{"name":"wp","href":"https:\/\/api.w.org\/{rel}","templated":true}]}}