{"id":51678,"date":"2026-09-04T13:35:02","date_gmt":"2026-09-04T13:35:02","guid":{"rendered":"https:\/\/cp.snarskis.lt\/index.php\/2026\/09\/04\/volkswagen-ruosiasi-istoriniam-kirciui-100-000-darbo-vietu-mazinimas-ir-gresme-4-gamykloms\/"},"modified":"2026-09-04T13:35:02","modified_gmt":"2026-09-04T13:35:02","slug":"volkswagen-ruosiasi-istoriniam-kirciui-100-000-darbo-vietu-mazinimas-ir-gresme-4-gamykloms","status":"publish","type":"post","link":"https:\/\/cp.snarskis.lt\/index.php\/2026\/09\/04\/volkswagen-ruosiasi-istoriniam-kirciui-100-000-darbo-vietu-mazinimas-ir-gresme-4-gamykloms\/","title":{"rendered":"\u201eVolkswagen\u201c ruo\u0161iasi istoriniam kir\u010diui: 100 000 darbo viet\u0173 ma\u017einimas ir gr\u0117sm\u0117 4 gamykloms"},"content":{"rendered":"<h2>Susitarimas d\u0117l 100 000 viet\u0173<\/h2>\n<p>Vokietijos automobili\u0173 gamintoja \u201eVolkswagen\u201c prane\u0161\u0117, kad vadovyb\u0117 ir profesin\u0117s s\u0105jungos sutar\u0117 d\u0117l papildomo 50 000 darbo viet\u0173 ma\u017einimo iki de\u0161imtme\u010dio pabaigos. Tai prisid\u0117s prie anks\u010diau planuot\u0173 50 000, tod\u0117l bendras ma\u017einimas sieks 100 000.<\/p>\n<p>Bendrov\u0117 teigia, kad personalo apimtys turi b\u016bti nuosekliai derinamos prie ekonomin\u0117s realyb\u0117s. Skai\u010diuojama, kad tai sudaryt\u0173 apie 15 proc. visos grup\u0117s darbuotoj\u0173.<\/p>\n<p>\u201eB\u016btina sistemingai suderinti darbuotoj\u0173 skai\u010di\u0173 su ekonomine realybe\u201c, \u2013 teigiama \u201eVolkswagen\u201c parei\u0161kime.<\/p>\n<p>Sprendimui pritar\u0117 steb\u0117toj\u0173 taryba, kurioje dirba ir darbuotoj\u0173, ir akcinink\u0173 atstovai. Tai laikoma svarbiu \u017eingsniu sud\u0117tingose derybose d\u0117l ka\u0161t\u0173 ma\u017einimo ir konkurencingumo.<\/p>\n<h2>Kod\u0117l spaudimas did\u0117ja<\/h2>\n<p>\u201eVolkswagen\u201c nurodo, kad situacij\u0105 apsunkina JAV tarif\u0173 politika, nepastovi elektromobili\u0173 paklausa ir ypa\u010d a\u0161tri konkurencija Kinijoje bei i\u0161 Kinijos gamintoj\u0173. Pastarieji pastaraisiais metais aktyviai ple\u010dia eksport\u0105 ir didina kain\u0173 spaudim\u0105 Europoje.<\/p>\n<p>Europos gamintojams papildom\u0173 i\u0161\u0161\u016bki\u0173 kelia ir spar\u010diai besikei\u010dianti vartotoj\u0173 paklausa: pirk\u0117jai jautriau reaguoja \u012f kain\u0105, o elektromobili\u0173 rinkoje daug\u0117ja modeli\u0173, kurie si\u016blo didel\u0119 komplektacij\u0105 u\u017e ma\u017eesn\u0119 sum\u0105. Tuo pat metu didel\u0119 reik\u0161m\u0119 turi ir baterij\u0173 tiekimo grandin\u0117s, energijos kainos bei gamybos efektyvumas.<\/p>\n<h2>Gamyklos Vokietijoje ir istorinis precedentas<\/h2>\n<p>\u012emon\u0117 taip pat pripa\u017eino, kad keturi\u0173 Vokietijos gamykl\u0173 ateitis 2030-aisiais n\u0117ra u\u017etikrinta. Kalbama apie padalinius Hanoveryje, Emd\u0117ne, Cvikau ir Nekarsulme.<\/p>\n<p>Jei \u0161ie objektai b\u016bt\u0173 u\u017edaryti, tai b\u016bt\u0173 pirmas kartas, kai \u201eVolkswagen\u201c u\u017evert\u0173 pilno masto automobili\u0173 gamyklas savo nam\u0173 rinkoje. Toks scenarijus reik\u0161t\u0173 reik\u0161ming\u0105 poslink\u012f Vokietijos pramon\u0117s politikoje ir darbo rinkoje, nes automobili\u0173 sektorius i\u0161lieka viena svarbiausi\u0173 \u0161alies ekonomikos atram\u0173.<\/p>\n<p>\u201eSteb\u0117toj\u0173 taryba vienbalsiai patvirtino vykdomosios valdybos \u0161iandien pristatyt\u0105 ateities plan\u0105\u201c, \u2013 sak\u0117 \u201eVolkswagen\u201c vadovas Oliveris Blume.<\/p>\n<p>\u201eVolkswagen\u201c grup\u0117 vienija ne tik pagrindin\u012f \u201eVolkswagen\u201c prek\u0117s \u017eenkl\u0105, bet ir \u201eAudi\u201c, \u201ePorsche\u201c, \u201e\u0160koda\u201c, \u201eSEAT\u201c, \u201eCupra\u201c, taip pat prabangos segment\u0105 atstovaujan\u010dius \u201eBentley\u201c, \u201eLamborghini\u201c ir \u201eDucati\u201c. Bendrov\u0117 pabr\u0117\u017eia, kad pertvarka apims vis\u0105 grup\u0119 ir sieks atkurti konkurencingum\u0105 pasaulin\u0117je rinkoje.<\/p>\n","protected":false},"excerpt":{"rendered":"<p>\u201eVolkswagen\u201c sutar\u0117 d\u0117l 100 000 darbo viet\u0173 ma\u017einimo iki de\u0161imtme\u010dio pabaigos ir \u012fsp\u0117ja: 4 gamykl\u0173 Vokietijoje ateitis neai\u0161ki.<\/p>\n","protected":false},"author":0,"featured_media":51679,"comment_status":"open","ping_status":"open","sticky":false,"template":"","format":"standard","meta":{"_acf_changed":false,"footnotes":""},"categories":[94],"tags":[1828,3643,698,5163,5003,466,5002],"miestas":[],"class_list":["post-51678","post","type-post","status-publish","format-standard","has-post-thumbnail","hentry","category-finansai","tag-automobiliu-pramone","tag-darbo-vietos","tag-elektromobiliai","tag-kinijos-rinka","tag-oliveris-blume","tag-vokietija","tag-volkswagen"],"acf":[],"_links":{"self":[{"href":"https:\/\/cp.snarskis.lt\/index.php\/wp-json\/wp\/v2\/posts\/51678","targetHints":{"allow":["GET"]}}],"collection":[{"href":"https:\/\/cp.snarskis.lt\/index.php\/wp-json\/wp\/v2\/posts"}],"about":[{"href":"https:\/\/cp.snarskis.lt\/index.php\/wp-json\/wp\/v2\/types\/post"}],"replies":[{"embeddable":true,"href":"https:\/\/cp.snarskis.lt\/index.php\/wp-json\/wp\/v2\/comments?post=51678"}],"version-history":[{"count":0,"href":"https:\/\/cp.snarskis.lt\/index.php\/wp-json\/wp\/v2\/posts\/51678\/revisions"}],"wp:featuredmedia":[{"embeddable":true,"href":"https:\/\/cp.snarskis.lt\/index.php\/wp-json\/wp\/v2\/media\/51679"}],"wp:attachment":[{"href":"https:\/\/cp.snarskis.lt\/index.php\/wp-json\/wp\/v2\/media?parent=51678"}],"wp:term":[{"taxonomy":"category","embeddable":true,"href":"https:\/\/cp.snarskis.lt\/index.php\/wp-json\/wp\/v2\/categories?post=51678"},{"taxonomy":"post_tag","embeddable":true,"href":"https:\/\/cp.snarskis.lt\/index.php\/wp-json\/wp\/v2\/tags?post=51678"},{"taxonomy":"miestas","embeddable":true,"href":"https:\/\/cp.snarskis.lt\/index.php\/wp-json\/wp\/v2\/miestas?post=51678"}],"curies":[{"name":"wp","href":"https:\/\/api.w.org\/{rel}","templated":true}]}}