{"id":51708,"date":"2026-09-04T16:46:07","date_gmt":"2026-09-04T16:46:07","guid":{"rendered":"https:\/\/cp.snarskis.lt\/index.php\/2026\/09\/04\/bardella-ir-farage-pasirase-susitarima-del-migrantu-valciu-ka-zada-ir-kas-butu-jei-laimetu-valdzia\/"},"modified":"2026-09-04T16:46:07","modified_gmt":"2026-09-04T16:46:07","slug":"bardella-ir-farage-pasirase-susitarima-del-migrantu-valciu-ka-zada-ir-kas-butu-jei-laimetu-valdzia","status":"publish","type":"post","link":"https:\/\/cp.snarskis.lt\/index.php\/2026\/09\/04\/bardella-ir-farage-pasirase-susitarima-del-migrantu-valciu-ka-zada-ir-kas-butu-jei-laimetu-valdzia\/","title":{"rendered":"Bardella ir Farage pasira\u0161\u0117 susitarim\u0105 d\u0117l migrant\u0173 val\u010di\u0173: k\u0105 \u017eada ir kas b\u016bt\u0173, jei laim\u0117t\u0173 vald\u017ei\u0105"},"content":{"rendered":"<p>Pranc\u016bzijos kra\u0161tutini\u0173 de\u0161ini\u0173j\u0173 Nacionalinio samb\u016brio lyderis Jordanas Bardella ir \u201eReform UK\u201c vadovas Nigelas Farage penktadien\u012f Birmingeme pasira\u0161\u0117 bendradarbiavimo memorandum\u0105, kuriuo siekiama sustabdyti neteis\u0117tus migrant\u0173 kirtimus per Laman\u0161\u0105. Abu politikai pabr\u0117\u017e\u0117, kad tokios priemon\u0117s b\u016bt\u0173 \u012fgyvendinamos tik tuo atveju, jei j\u0173 vadovaujamos j\u0117gos ateit\u0173 \u012f vald\u017ei\u0105.<\/p>\n<p>Susitarimas pristatytas \u201eReform UK\u201c metin\u0117s konferencijos scenoje, o Farage j\u012f apib\u016bdino kaip nauj\u0105 Pranc\u016bzijos ir Jungtin\u0117s Karalyst\u0117s politin\u012f suart\u0117jim\u0105. Bardella teig\u0117, kad Jungtin\u0117 Karalyst\u0117 netur\u0117t\u0173 tapti neteis\u0117tai \u012f Pranc\u016bzij\u0105 atvykusi\u0173 migrant\u0173 galutine stotele, o gr\u0105\u017einimas \u012f kilm\u0117s \u0161alis, jo \u017eod\u017eiais, tur\u0117t\u0173 tapti principu.<\/p>\n<p>\u201eJungtin\u0117 Karalyst\u0117 neturi b\u016bti neteis\u0117tai \u012f Pranc\u016bzij\u0105 atvykusi\u0173 migrant\u0173 tikslas. Jie turi b\u016bti gr\u0105\u017einami \u012f kilm\u0117s \u0161alis\u201c, \u2013 sak\u0117 Jordanas Bardella.<\/p>\n<p>Kalb\u0117damas angli\u0161kai, k\u0105 vie\u0161ai daro retai, Bardella kritikavo Pranc\u016bzijos prezident\u0105 Emmanuel\u012f Macron\u0105 d\u0117l es\u0105 nepakankamos sien\u0173 apsaugos. V\u0117liau, jau spaudos konferencijoje pranc\u016bzi\u0161kai, jis tikino, kad geresnis Pranc\u016bzijos sien\u0173 valdymas suma\u017eint\u0173 spaudim\u0105 Kal\u0117 regione, i\u0161 kur da\u017eniausiai ir startuoja bandymai kirsti Laman\u0161\u0105 ma\u017eomis valtimis.<\/p>\n<h2>K\u0105 rei\u0161kia pa\u017eadas sustabdyti kirtimus<\/h2>\n<p>Politik\u0173 vartojama fraz\u0117 apie kirtim\u0173 sustabdym\u0105 ilgam laikui i\u0161 esm\u0117s apima kelis sluoksnius: grie\u017etesn\u0119 kontrol\u0119 Pranc\u016bzijos pakrant\u0117je, greitesn\u012f atvykusi\u0173 asmen\u0173 gr\u0105\u017einim\u0105 ir platesn\u012f atgrasym\u0105, kad kelion\u0117 neapsimok\u0117t\u0173. Praktikoje tai atsiremia \u012f tarptautin\u0119 teis\u0119, dvi\u0161ales sutartis, prieglobs\u010dio proced\u016bras ir \u017emogaus teisi\u0173 standartus, tod\u0117l tokie pa\u017eadai paprastai susiduria su teisiniais ir politiniais apribojimais.<\/p>\n<p>Jungtin\u0117je Karalyst\u0117je neteis\u0117t\u0173 kirtim\u0173 tema i\u0161lieka viena labiausiai politizuot\u0173, ypa\u010d kalbant apie prieglobs\u010dio sistemos apkrov\u0105 ir apgyvendinimo ka\u0161tus. Pranc\u016bzijai tai taip pat jautrus klausimas, nes didel\u0117 dalis sraut\u0173 koncentruojasi \u0161iaur\u0117je, o sprendimai da\u017enai reikalauja tiek nacionalini\u0173, tiek Europos masto priemoni\u0173.<\/p>\n<h2>Diplomatija ir vidaus politika susikerta<\/h2>\n<p>\u0160is susitikimas vyko netrukus po Emmanuelio Macrono vizito Londone, kuriame buvo aptartas bendr\u0173 priemoni\u0173 stiprinimas prie\u0161 neteis\u0117t\u0105 migracij\u0105 per Laman\u0161\u0105 ir platesni santykiai su Europa. Paraleliai Jungtin\u0117s Karalyst\u0117s Leiborist\u0173 vyriausyb\u0117 skelb\u0117, kad \u0161i\u0105 vasar\u0105 fiksuotas ma\u017eiausias per Laman\u0161\u0105 ma\u017eomis valtimis atvykstan\u010di\u0173 migrant\u0173 skai\u010dius nuo 2019 met\u0173, nors tokie rodikliai sezoni\u0161kai svyruoja ir priklauso nuo oro s\u0105lyg\u0173 bei kontrol\u0117s intensyvumo.<\/p>\n<p>Farage ir Bardella ry\u0161ys taip pat turi politin\u0117s istorijos kontekst\u0105: nors j\u0173 pa\u017ei\u016bros euroskepti\u0161kos, Farage anks\u010diau yra kritikav\u0119s tuometin\u012f Nacionalin\u012f front\u0105 ir atsisak\u0119s artimesni\u0173 aljans\u0173 Europos Parlamente, remdamasis kaltinimais d\u0117l antisemitizmo ir i\u0161ankstini\u0173 nuostat\u0173. V\u0117liau jis pripa\u017eino atsargiai vertin\u0119s \u0161i\u0105 politin\u0119 krypt\u012f, ta\u010diau teig\u0117, kad Marine Le Pen vadovavimo laikotarpiu partija pasikeit\u0117 ir siek\u0117 platesnio rink\u0117j\u0173 palaikymo.<\/p>\n<p>\u201eKai Marine per\u0117m\u0117 vadovavim\u0105, steb\u0117jau situacij\u0105 ir neskub\u0117jau \u012fsitraukti. Tai, k\u0105 ji pasiek\u0117, yra reik\u0161mingas poslinkis partijai\u201c, \u2013 sak\u0117 Nigelas Farage.<\/p>\n<h2>\u201eReform UK\u201c \u0161e\u0161\u0117lyje \u2013 finansavimo tyrimai<\/h2>\n<p>Susitarimo paskelbim\u0105 Jungtin\u0117je Karalyst\u0117je temd\u0117 prane\u0161imai apie galimus politinio finansavimo pa\u017eeidimus, susijusius su \u201eReform UK\u201c. \u017diniasklaidoje skelbta, kad partija buvo prane\u0161ta Metropoliteno policijai ir Rinkim\u0173 komisijai d\u0117l \u012ftariam\u0173 neteis\u0117t\u0173 auk\u0173, o tai svarbu tod\u0117l, kad Jungtin\u0117je Karalyst\u0117je galioja grie\u017etos taisykl\u0117s d\u0117l auk\u0173 i\u0161 u\u017esienio \u0161altini\u0173.<\/p>\n<p>Tokie tyrimai gali tur\u0117ti tiesiogin\u012f poveik\u012f partijos reputacijai ir jos galimyb\u0117ms mobilizuoti r\u0117m\u0117jus, ypa\u010d prie\u0161 rinkim\u0173 cikl\u0105. Politiniame lauke tai da\u017enai tampa ir konkurent\u0173 argumentu, kai migracijos klausimas naudojamas kaip vienas pagrindini\u0173 kampanijos varikli\u0173.<\/p>\n","protected":false},"excerpt":{"rendered":"<p>Bardella ir Farage paskelb\u0117 memorandum\u0105 d\u0117l Laman\u0161o kirtim\u0173 stabdymo, ta\u010diau planus riboja teis\u0117, dvi\u0161al\u0117s sutartys ir \u201eReform UK\u201c finansavimo tyrimai.<\/p>\n","protected":false},"author":0,"featured_media":51709,"comment_status":"open","ping_status":"open","sticky":false,"template":"","format":"standard","meta":{"_acf_changed":false,"footnotes":""},"categories":[13],"tags":[30304,39972,674,30305,39971,37460,4592],"miestas":[],"class_list":["post-51708","post","type-post","status-publish","format-standard","has-post-thumbnail","hentry","category-kultura","tag-jordanas-bardella","tag-lamansas","tag-migracija","tag-nacionalinis-samburis","tag-nigelas-farage","tag-prieglobscio-politika","tag-reform-uk"],"acf":[],"_links":{"self":[{"href":"https:\/\/cp.snarskis.lt\/index.php\/wp-json\/wp\/v2\/posts\/51708","targetHints":{"allow":["GET"]}}],"collection":[{"href":"https:\/\/cp.snarskis.lt\/index.php\/wp-json\/wp\/v2\/posts"}],"about":[{"href":"https:\/\/cp.snarskis.lt\/index.php\/wp-json\/wp\/v2\/types\/post"}],"replies":[{"embeddable":true,"href":"https:\/\/cp.snarskis.lt\/index.php\/wp-json\/wp\/v2\/comments?post=51708"}],"version-history":[{"count":0,"href":"https:\/\/cp.snarskis.lt\/index.php\/wp-json\/wp\/v2\/posts\/51708\/revisions"}],"wp:featuredmedia":[{"embeddable":true,"href":"https:\/\/cp.snarskis.lt\/index.php\/wp-json\/wp\/v2\/media\/51709"}],"wp:attachment":[{"href":"https:\/\/cp.snarskis.lt\/index.php\/wp-json\/wp\/v2\/media?parent=51708"}],"wp:term":[{"taxonomy":"category","embeddable":true,"href":"https:\/\/cp.snarskis.lt\/index.php\/wp-json\/wp\/v2\/categories?post=51708"},{"taxonomy":"post_tag","embeddable":true,"href":"https:\/\/cp.snarskis.lt\/index.php\/wp-json\/wp\/v2\/tags?post=51708"},{"taxonomy":"miestas","embeddable":true,"href":"https:\/\/cp.snarskis.lt\/index.php\/wp-json\/wp\/v2\/miestas?post=51708"}],"curies":[{"name":"wp","href":"https:\/\/api.w.org\/{rel}","templated":true}]}}