{"id":51710,"date":"2026-09-04T16:46:41","date_gmt":"2026-09-04T16:46:41","guid":{"rendered":"https:\/\/cp.snarskis.lt\/index.php\/2026\/09\/04\/es-biudzeto-derybos-ikaista-briuselis-siekia-nauju-visos-europos-mokesciu-2028-2034-metams\/"},"modified":"2026-09-04T16:46:41","modified_gmt":"2026-09-04T16:46:41","slug":"es-biudzeto-derybos-ikaista-briuselis-siekia-nauju-visos-europos-mokesciu-2028-2034-metams","status":"publish","type":"post","link":"https:\/\/cp.snarskis.lt\/index.php\/2026\/09\/04\/es-biudzeto-derybos-ikaista-briuselis-siekia-nauju-visos-europos-mokesciu-2028-2034-metams\/","title":{"rendered":"ES biud\u017eeto derybos \u012fkaista: Briuselis siekia nauj\u0173 visos Europos mokes\u010di\u0173 2028\u20132034 metams"},"content":{"rendered":"<p>Auk\u0161to rango Europos S\u0105jungos pareig\u016bnai dar kart\u0105 pabr\u0117\u017e\u0117, kad kitam ilgalaikiam bloko biud\u017eetui gali prireikti nauj\u0173 visos Europos masto mokes\u010di\u0173. Briuselis argumentuoja, jog ambicingiems prioritetams nepakaks vien nacionalini\u0173 \u012fna\u0161\u0173, o dalis valstybi\u0173 tam prie\u0161inasi.<\/p>\n<p>Diskusijos sukasi apie 2028\u20132034 met\u0173 Daugiamet\u0119 finansin\u0119 program\u0105, kuri\u0105 Europos Komisija ir kitos institucijos sieja su papildomais vadinamaisiais nuosavais i\u0161tekliais. Tai reik\u0161t\u0173 naujus, tiesiogiai \u012f ES biud\u017eet\u0105 nukreipiamus pajam\u0173 \u0161altinius, ma\u017eiau priklausomus nuo valstybi\u0173 nari\u0173 pervedim\u0173.<\/p>\n<h2>Kas yra nuosavi i\u0161tekliai?<\/h2>\n<p>Nuosavi i\u0161tekliai yra ES pajamos, kurios surenkamos pagal bendras taisykles ir patenka \u012f bendr\u0105 biud\u017eet\u0105. Praktikoje tai gali b\u016bti \u012fmokos, susietos su ekonomine veikla, importu ar kitais baziniais rodikliais, taip pat \u012fvair\u016bs ES lygio mokes\u010diai ar rinkliavos.<\/p>\n<p>Europos Komisija, Europos Vadov\u0173 Taryba ir Europos Parlamentas pabr\u0117\u017eia, kad did\u0117jant i\u0161laidoms saugumui, gynybai ir konkurencingumui reik\u0117s stabilesnio finansavimo. Kartu norima i\u0161laikyti tradicines i\u0161laid\u0173 kryptis, tokias kaip sanglauda ir \u017eem\u0117s \u016bkis.<\/p>\n<h2>Frugal\u0173 skepti\u0161kumas ir pagrindin\u0117 \u012ftampa<\/h2>\n<p>Derybose ry\u0161k\u0117ja susid\u016brimas tarp \u0161ali\u0173, kurios nori didesnio biud\u017eeto ir nauj\u0173 pajam\u0173 \u0161altini\u0173, bei vadinam\u0173j\u0173 taupi\u0173j\u0173 valstybi\u0173, siekian\u010di\u0173 ma\u017einti bendr\u0105 apimt\u012f. Taupiosios \u0161alys taip pat abejoja, ar nauji ES lygio mokes\u010diai i\u0161 ties\u0173 sugeneruos pakankamas pajamas ir ar nepadidins na\u0161tos verslui bei gyventojams.<\/p>\n<p>Pranc\u016bzijos Europos reikal\u0173 ministras Benjaminas Haddadas deryb\u0173 kontekste teig\u0117, kad nuosav\u0173 i\u0161tekli\u0173 klausimas yra b\u016btina s\u0105lyga priimant biud\u017eet\u0105. Jis akcentavo siek\u012f laikytis Europos Komisijos i\u0161 prad\u017ei\u0173 si\u016blytos krypties, kai dalis pajam\u0173 b\u016bt\u0173 gaunama i\u0161 veik\u0117j\u0173 u\u017e ES rib\u0173.<\/p>\n<p>\u201eNuosav\u0173 i\u0161tekli\u0173 klausimas mums yra absoliuti b\u016btina s\u0105lyga, kad gal\u0117tume priimti \u0161\u012f biud\u017eet\u0105\u201c, \u2013 sak\u0117 Benjaminas Haddadas.<\/p>\n<p>Ispanijos atstovai pabr\u0117\u017eia, kad vien taupymas problemos nei\u0161spr\u0119s, nes ES susiduria su didesniais i\u0161\u0161\u016bkiais nei anks\u010diau. Be nauj\u0173 pajam\u0173 \u0161altini\u0173, j\u0173 vertinimu, nei\u0161eis suderinti investicij\u0173 \u012f konkurencingum\u0105, saugum\u0105 ir gynyb\u0105 su \u012fsipareigojimais tradicin\u0117ms politikoms.<\/p>\n<p>\u201eI\u0161\u0161\u016bkiai didesni nei anks\u010diau, tod\u0117l nebegalime padaryti daugiau tur\u0117dami ma\u017eiau. Tam reikalingas ambicingas biud\u017eetas ir nauji nuosavi i\u0161tekliai\u201c, \u2013 sak\u0117 Fernando Sampedro.<\/p>\n<h2>Europos Parlamento spaudimas ir terminai<\/h2>\n<p>Europos Parlamentas derybose laikosi grie\u017etesn\u0117s pozicijos ir ragina didinti pagrindines biud\u017eeto eilutes, kad b\u016bt\u0173 realiai finansuojami nauji prioritetai. Taip pat keliama id\u0117ja, kad su ekonomikos gaivinimu susijusi\u0173 \u012fsipareigojim\u0173 gr\u0105\u017einimas netur\u0117t\u0173 \u201esuvalgyti\u201c kasmetini\u0173 program\u0173 finansavimo.<\/p>\n<p>ES institucijos ir valstyb\u0117s nar\u0117s siekia susitarti iki met\u0173 pabaigos, kad procesas ne\u012fstrigt\u0173 2027 metais, kai kai kuriose \u0161alyse vyks rinkimai ir politinis neapibr\u0117\u017etumas gali apsunkinti kompromis\u0105. Galutiniam susitarimui b\u016btinas vis\u0173 27 valstybi\u0173 nari\u0173 pritarimas, o biud\u017eetui taip pat reikalingas Europos Parlamento sutikimas.<\/p>\n<p>Europos Vadov\u0173 Tarybos pirmininkas Ant\u00f3nio Costa tuo metu t\u0119sia konsultacijas su valstybi\u0173 lyderiais, siekdamas i\u0161gryninti j\u0173 raudon\u0105sias linijas ir kompromiso ribas. Pirmininkaujanti Airija rengiasi pateikti atnaujint\u0105 kompromisin\u012f tekst\u0105 iki spalio vidurio, kai Briuselyje rinksis Europos Vadov\u0173 Taryba.<\/p>\n<p>Europos Komisijos biud\u017eeto komisaras Piotras Serafinas pabr\u0117\u017eia, kad Europa siekia platesn\u0117s ekonomin\u0117s transformacijos ir didesni\u0173 investicij\u0173 \u012f konkurencingum\u0105. Jo teigimu, be tvaresni\u0173 pajam\u0173 \u0161altini\u0173 ambicingas planas rizikuoja likti deklaracija.<\/p>\n<p>\u201eJei norime patys spr\u0119sti savo likim\u0105 ateityje, turime tur\u0117ti stipri\u0105 ekonomik\u0105 ir investuoti \u012f konkurencingum\u0105\u201c, \u2013 sak\u0117 Piotras Serafinas.<\/p>\n<p>Deryb\u0173 a\u0161is i\u0161lieka paprasta: ar ES sutars d\u0117l didesni\u0173 bendr\u0173 ambicij\u0173 ir kaip u\u017e tai sumok\u0117s. Atsakymas nulems ne tik 2028\u20132034 met\u0173 biud\u017eeto dyd\u012f, bet ir tai, kokiu mastu Briuselis gaus nauj\u0173 fiskalini\u0173 instrument\u0173, kei\u010dian\u010di\u0173 j\u0117g\u0173 pusiausvyr\u0105 tarp ES institucij\u0173 ir valstybi\u0173 nari\u0173.<\/p>\n","protected":false},"excerpt":{"rendered":"<p>ES derasi d\u0117l 2028\u20132034 met\u0173 biud\u017eeto: Briuselis spaud\u017eia d\u0117l nauj\u0173 nuosav\u0173 i\u0161tekli\u0173 ir visos Europos mokes\u010di\u0173, o taupiosios \u0161alys prie\u0161inasi.<\/p>\n","protected":false},"author":0,"featured_media":51711,"comment_status":"open","ping_status":"open","sticky":false,"template":"","format":"standard","meta":{"_acf_changed":false,"footnotes":""},"categories":[13],"tags":[26003,2993,667,2159,2992,8026,4472],"miestas":[],"class_list":["post-51710","post","type-post","status-publish","format-standard","has-post-thumbnail","hentry","category-kultura","tag-antonio-costa","tag-daugiamete-finansine-programa","tag-europos-komisija","tag-europos-parlamentas","tag-europos-sajungos-biudzetas","tag-mokesciu-politika","tag-nuosavi-istekliai"],"acf":[],"_links":{"self":[{"href":"https:\/\/cp.snarskis.lt\/index.php\/wp-json\/wp\/v2\/posts\/51710","targetHints":{"allow":["GET"]}}],"collection":[{"href":"https:\/\/cp.snarskis.lt\/index.php\/wp-json\/wp\/v2\/posts"}],"about":[{"href":"https:\/\/cp.snarskis.lt\/index.php\/wp-json\/wp\/v2\/types\/post"}],"replies":[{"embeddable":true,"href":"https:\/\/cp.snarskis.lt\/index.php\/wp-json\/wp\/v2\/comments?post=51710"}],"version-history":[{"count":0,"href":"https:\/\/cp.snarskis.lt\/index.php\/wp-json\/wp\/v2\/posts\/51710\/revisions"}],"wp:featuredmedia":[{"embeddable":true,"href":"https:\/\/cp.snarskis.lt\/index.php\/wp-json\/wp\/v2\/media\/51711"}],"wp:attachment":[{"href":"https:\/\/cp.snarskis.lt\/index.php\/wp-json\/wp\/v2\/media?parent=51710"}],"wp:term":[{"taxonomy":"category","embeddable":true,"href":"https:\/\/cp.snarskis.lt\/index.php\/wp-json\/wp\/v2\/categories?post=51710"},{"taxonomy":"post_tag","embeddable":true,"href":"https:\/\/cp.snarskis.lt\/index.php\/wp-json\/wp\/v2\/tags?post=51710"},{"taxonomy":"miestas","embeddable":true,"href":"https:\/\/cp.snarskis.lt\/index.php\/wp-json\/wp\/v2\/miestas?post=51710"}],"curies":[{"name":"wp","href":"https:\/\/api.w.org\/{rel}","templated":true}]}}