{"id":51712,"date":"2026-09-04T16:47:14","date_gmt":"2026-09-04T16:47:14","guid":{"rendered":"https:\/\/cp.snarskis.lt\/index.php\/2026\/09\/04\/portugalija-pradeda-derybas-del-tap-privatizavimo-air-france-klm-ir-lufthansa-varzosi-del-akciju\/"},"modified":"2026-09-04T16:47:14","modified_gmt":"2026-09-04T16:47:14","slug":"portugalija-pradeda-derybas-del-tap-privatizavimo-air-france-klm-ir-lufthansa-varzosi-del-akciju","status":"publish","type":"post","link":"https:\/\/cp.snarskis.lt\/index.php\/2026\/09\/04\/portugalija-pradeda-derybas-del-tap-privatizavimo-air-france-klm-ir-lufthansa-varzosi-del-akciju\/","title":{"rendered":"Portugalija pradeda derybas d\u0117l TAP privatizavimo: \u201eAir France-KLM\u201c ir Lufthansa var\u017eosi d\u0117l akcij\u0173"},"content":{"rendered":"<h2>Prasideda lemiamas etapas<\/h2>\n<p>Portugalijos vyriausyb\u0117 pradeda derybas su dviem pretendentais, pateikusiais \u012fpareigojan\u010dius pasi\u016blymus d\u0117l nacionalin\u0117s oro bendrov\u0117s TAP Air Portugal dalin\u0117s privatizacijos. D\u0117l paketo var\u017eosi \u201eAir France-KLM\u201c ir Lufthansa grup\u0117.<\/p>\n<p>Portugalijos Prezident\u016bros ministras Ant\u00f3nio Leit\u00e3o Amaro teig\u0117, kad abiej\u0173 pasi\u016blym\u0173 bendras \u012fvertinimas yra labai pana\u0161us, tod\u0117l vyriausyb\u0117 sieks i\u0161 deryb\u0173 gauti geresnes galutines s\u0105lygas. Tikslas \u2013 priart\u0117ti prie vieno pasirinkto investuotojo paskutiniam deryb\u0173 etapui.<\/p>\n<p>Valstyb\u0117s valdom\u0173 dalyvavim\u0173 valdytoja Parp\u00fablica vyriausybei 2026 met\u0173 rugs\u0117jo 1 dien\u0105 pateik\u0117 dviej\u0173 \u012fpareigojan\u010di\u0173 pasi\u016blym\u0173 vertinimo ataskait\u0105. \u0160i i\u0161vada tampa pagrindu sprend\u017eiant, su kuo ir kokia apimtimi t\u0119sti derybas.<\/p>\n<h2>K\u0105 rei\u0161kia dalin\u0117 privatizacija?<\/h2>\n<p>Pagal anks\u010diau patvirtint\u0105 model\u012f Portugalija planuoja parduoti iki 49,9 proc. TAP akcij\u0173 privataus kapitalo investuotojams, o valstyb\u0117 likt\u0173 kontrolinio paketo savinink\u0117. Dar 5 proc. numatoma rezervuoti darbuotojams.<\/p>\n<p>\u0160is modelis pasirinktas siekiant suderinti du interesus: pritraukti kapital\u0105 ir strategin\u0119 patirt\u012f, bet kartu i\u0161laikyti valstyb\u0117s \u012ftak\u0105 sprendimams, susijusiems su nacionaliniu susisiekimu ir Lisabonos, kaip tranzito centro, vaidmeniu. Europos aviacijoje tai da\u017enas kelias, kai valstyb\u0117s ie\u0161ko partneri\u0173 ne visi\u0161kai pasitraukdamos i\u0161 bendrovi\u0173.<\/p>\n<h2>Kod\u0117l d\u0117l TAP var\u017eomasi?<\/h2>\n<p>Proces\u0105 2025 metais atnaujino Lu\u00eds Montenegro vadovaujama vyriausyb\u0117, o konkurencija susitrauk\u0117 iki dviej\u0173 dalyvi\u0173 po to, kai pasitrauk\u0117 \u201eInternational Airlines Group\u201c, valdanti \u201eIberia\u201c. Tai rei\u0161kia, kad konkurencin\u0117 kova dabar koncentruojasi \u012f dvi did\u017eiausias \u017eemynin\u0117s Europos aviacijos grupes.<\/p>\n<p>TAP strategin\u0117 vert\u0117 siejama su jos mar\u0161rut\u0173 tinklu, ypa\u010d jungtimis tarp Europos, Brazilijos ir kit\u0173 portugali\u0161kai kalban\u010di\u0173 rink\u0173. D\u0117l \u0161ios prie\u017easties sandoris gali tur\u0117ti platesn\u012f poveik\u012f konkurencijai ir skryd\u017ei\u0173 pasi\u016blai Pietvakari\u0173 Europoje.<\/p>\n<p>Portugalijos infrastrukt\u016bros ministras Miguel Pinto Luz anks\u010diau yra nurod\u0119s, kad pasirinktas investuotojas gal\u0117t\u0173 prisid\u0117ti prie bendros bendrov\u0117s vadybos jau 2026 metais kartu su esama valdyba. Ta\u010diau reali kapitalo injekcija, pasak jo, labiausiai tik\u0117tina tik 2027 met\u0173 vasar\u0105.<\/p>\n<p>Politiniu ir ekonominiu po\u017ei\u016briu derybos vyks jautriame kontekste: Europos aviacija toliau susiduria su degal\u0173 kain\u0173 svyravimais, didel\u0117mis veiklos s\u0105naudomis ir konkurencija d\u0117l orlaivi\u0173 bei \u012fgul\u0173. Tod\u0117l galutin\u0117s privatizavimo s\u0105lygos, \u012fskaitant \u012fsipareigojimus investicijoms, mar\u0161rut\u0173 palaikymui ir valdymo teisi\u0173 pasidalijimui, taps esminiu sprendimo kriterijumi.<\/p>\n","protected":false},"excerpt":{"rendered":"<p>Portugalijos vyriausyb\u0117 pradeda derybas d\u0117l TAP privatizavimo: var\u017eosi \u201eAir France-KLM\u201c ir Lufthansa, siekiama iki 49,9 proc. akcij\u0173 sandorio.<\/p>\n","protected":false},"author":0,"featured_media":51713,"comment_status":"open","ping_status":"open","sticky":false,"template":"","format":"standard","meta":{"_acf_changed":false,"footnotes":""},"categories":[13],"tags":[29442,1089,3190,38985,1785,14545,33537],"miestas":[],"class_list":["post-51712","post","type-post","status-publish","format-standard","has-post-thumbnail","hentry","category-kultura","tag-air-france-klm","tag-aviacija","tag-lufthansa","tag-parpublica","tag-portugalija","tag-privatizavimas","tag-tap-air-portugal"],"acf":[],"_links":{"self":[{"href":"https:\/\/cp.snarskis.lt\/index.php\/wp-json\/wp\/v2\/posts\/51712","targetHints":{"allow":["GET"]}}],"collection":[{"href":"https:\/\/cp.snarskis.lt\/index.php\/wp-json\/wp\/v2\/posts"}],"about":[{"href":"https:\/\/cp.snarskis.lt\/index.php\/wp-json\/wp\/v2\/types\/post"}],"replies":[{"embeddable":true,"href":"https:\/\/cp.snarskis.lt\/index.php\/wp-json\/wp\/v2\/comments?post=51712"}],"version-history":[{"count":0,"href":"https:\/\/cp.snarskis.lt\/index.php\/wp-json\/wp\/v2\/posts\/51712\/revisions"}],"wp:featuredmedia":[{"embeddable":true,"href":"https:\/\/cp.snarskis.lt\/index.php\/wp-json\/wp\/v2\/media\/51713"}],"wp:attachment":[{"href":"https:\/\/cp.snarskis.lt\/index.php\/wp-json\/wp\/v2\/media?parent=51712"}],"wp:term":[{"taxonomy":"category","embeddable":true,"href":"https:\/\/cp.snarskis.lt\/index.php\/wp-json\/wp\/v2\/categories?post=51712"},{"taxonomy":"post_tag","embeddable":true,"href":"https:\/\/cp.snarskis.lt\/index.php\/wp-json\/wp\/v2\/tags?post=51712"},{"taxonomy":"miestas","embeddable":true,"href":"https:\/\/cp.snarskis.lt\/index.php\/wp-json\/wp\/v2\/miestas?post=51712"}],"curies":[{"name":"wp","href":"https:\/\/api.w.org\/{rel}","templated":true}]}}