{"id":51716,"date":"2026-09-04T16:48:34","date_gmt":"2026-09-04T16:48:34","guid":{"rendered":"https:\/\/cp.snarskis.lt\/index.php\/2026\/09\/04\/afganistano-popzvaigzde-aryana-sayeed-pradeda-moterims-skirta-tura-europoje-zinute-talibanui\/"},"modified":"2026-09-04T16:48:34","modified_gmt":"2026-09-04T16:48:34","slug":"afganistano-popzvaigzde-aryana-sayeed-pradeda-moterims-skirta-tura-europoje-zinute-talibanui","status":"publish","type":"post","link":"https:\/\/cp.snarskis.lt\/index.php\/2026\/09\/04\/afganistano-popzvaigzde-aryana-sayeed-pradeda-moterims-skirta-tura-europoje-zinute-talibanui\/","title":{"rendered":"Afganistano pop\u017evaig\u017ed\u0117 Aryana Sayeed pradeda moterims skirt\u0105 tur\u0105 Europoje: \u017einut\u0117 Talibanui"},"content":{"rendered":"<p>Viena ry\u0161kiausi\u0173 Afganistano popmuzikos scenos atlik\u0117j\u0173 Aryana Sayeed pradeda Europin\u012f koncert\u0173 tur\u0105, \u012f kur\u012f \u012fleid\u017eiamos tik moterys. Taip daininink\u0117 siekia suburti diasporos bendruomenes ir atkreipti d\u0117mes\u012f \u012f Talibanui valdant Afganistan\u0105 dar labiau suvar\u017eytas moter\u0173 teises.<\/p>\n<p>Turas startuoja Roterdame, kur Aryana Sayeed pasirodo Laurenskerk erdv\u0117je, o v\u0117liau numatyti koncertai Stokholme, Hamburge ir Vysbadene netoli Frankfurto. \u0160\u012f format\u0105 ji vadina s\u0105moningu pasirinkimu, skirtu sukurti saugi\u0105 erdv\u0119 moterims, kurioms koncertas tampa ne tik pramoga, bet ir solidarumo gestu.<\/p>\n<h2>Kas slypi u\u017e id\u0117jos<\/h2>\n<p>Aryana Sayeed teigia apie tokio tipo tur\u0105 galvojusi kelerius metus, steb\u0117dama, kaip Afganistane grie\u017etinami draudimai moterims. Pasak jos, kai kuriose kasdienio gyvenimo srityse moterys neteko galimybi\u0173 mokytis, dirbti ar laisvai dalyvauti vie\u0161ajame gyvenime, o tai didina socialin\u0119 atskirt\u012f ir skurd\u0105.<\/p>\n<p>Atlik\u0117ja vie\u0161ai pabr\u0117\u017eia, kad jos muzika seniai per\u017eeng\u0117 pramogos ribas ir tapo aktyvizmo \u012frankiu. Ji dirba ir per savo \u012fkurt\u0105 organizacij\u0105 DEFAW, kuri\u0105 pristato kaip platform\u0105, padedan\u010di\u0105 telkti param\u0105 ir garsiau kalb\u0117ti u\u017e Afganistane gyvenan\u010dias moteris bei mergaites.<\/p>\n<p>\u201eNor\u0117jau, kad tai b\u016bt\u0173 koncertai, kuriuose matytume moter\u0173 stipryb\u0119, susitelktume ir primintume apie milijonus Afganistane nutildyt\u0173 bals\u0173\u201c, \u2013 sak\u0117 Aryana Sayeed.<\/p>\n<h2>Gyvenimas tremtyje ir ry\u0161ys su Afganistanu<\/h2>\n<p>Talibanui gr\u012f\u017eus \u012f vald\u017ei\u0105 2021 metais, Aryana Sayeed pasitrauk\u0117 i\u0161 Afganistano ir daugiau nebegali ten koncertuoti. Nors u\u017esienyje ji ir anks\u010diau rengdavo pasirodymus, dabar, pasak jos, did\u017eiausias pokytis yra negal\u0117jimas fizi\u0161kai b\u016bti \u0161alyje ir tiesiogiai pasiekti auditorijos per televizij\u0105 ar renginius.<\/p>\n<p>Vis d\u0117lto atlik\u0117ja akcentuoja, kad ry\u0161ys su Afganistane gyvenan\u010diomis moterimis visi\u0161kai nenutr\u016bko. Ji sako, kad skaitmenin\u0117s platformos leid\u017eia daliai \u017emoni\u0173 sekti jos k\u016bryb\u0105 ir gauti \u017einutes, ta\u010diau toks ry\u0161ys nekompensuoja reali\u0173 laisvi\u0173 praradimo ir did\u0117jan\u010dio spaudimo kasdienyb\u0117je.<\/p>\n<p>\u201eSvarbiausia, k\u0105 nuolat kartoju mergait\u0117ms, yra nepasiduoti ir neprarasti vilties, net jei \u0161iandien atrodo, kad ateitis u\u017edaryta\u201c, \u2013 sak\u0117 Aryana Sayeed.<\/p>\n<h2>Apie DI muzikos industrijoje<\/h2>\n<p>Interviu metu daininink\u0117 paliet\u0117 ir vis da\u017eniau muzikos industrijoje aptariam\u0105 dirbtinio intelekto tem\u0105. Ji teig\u0117 DI vertinanti atsargiai, nes technologijos gali b\u016bti panaudotos kuriant tikro atlik\u0117jo bals\u0105 ar vaizd\u0105 jam nedalyvaujant, o tai kelia pasitik\u0117jimo ir autoryst\u0117s klausim\u0173.<\/p>\n<p>Aryana Sayeed pabr\u0117\u017eia, kad jai svarbiausia yra \u201e\u017emogi\u0161kas prisilietimas\u201c ir autenti\u0161kas ry\u0161ys su klausytoju. Jos teigimu, b\u016btent \u0161is ry\u0161ys ir yra pagrindin\u0117 prie\u017eastis, kod\u0117l moterims skirti koncertai turi ne tik simbolin\u0119, bet ir praktin\u0119 reik\u0161m\u0119 \u2013 jie kuria bendruomen\u0119, kuri\u0105 sunku nutildyti.<\/p>\n","protected":false},"excerpt":{"rendered":"<p>Aryana Sayeed pradeda moterims skirt\u0105 tur\u0105 Europoje, siekdama suburti afganes ir priminti apie Talibanui valdant suvar\u017eytas moter\u0173 teises.<\/p>\n","protected":false},"author":0,"featured_media":51717,"comment_status":"open","ping_status":"open","sticky":false,"template":"","format":"standard","meta":{"_acf_changed":false,"footnotes":""},"categories":[13],"tags":[26785,39975,1631,39976,6255,1084,26784],"miestas":[],"class_list":["post-51716","post","type-post","status-publish","format-standard","has-post-thumbnail","hentry","category-kultura","tag-afganistanas","tag-aryana-sayeed","tag-di","tag-europos-turas","tag-moteru-teises","tag-popmuzika","tag-talibanas"],"acf":[],"_links":{"self":[{"href":"https:\/\/cp.snarskis.lt\/index.php\/wp-json\/wp\/v2\/posts\/51716","targetHints":{"allow":["GET"]}}],"collection":[{"href":"https:\/\/cp.snarskis.lt\/index.php\/wp-json\/wp\/v2\/posts"}],"about":[{"href":"https:\/\/cp.snarskis.lt\/index.php\/wp-json\/wp\/v2\/types\/post"}],"replies":[{"embeddable":true,"href":"https:\/\/cp.snarskis.lt\/index.php\/wp-json\/wp\/v2\/comments?post=51716"}],"version-history":[{"count":0,"href":"https:\/\/cp.snarskis.lt\/index.php\/wp-json\/wp\/v2\/posts\/51716\/revisions"}],"wp:featuredmedia":[{"embeddable":true,"href":"https:\/\/cp.snarskis.lt\/index.php\/wp-json\/wp\/v2\/media\/51717"}],"wp:attachment":[{"href":"https:\/\/cp.snarskis.lt\/index.php\/wp-json\/wp\/v2\/media?parent=51716"}],"wp:term":[{"taxonomy":"category","embeddable":true,"href":"https:\/\/cp.snarskis.lt\/index.php\/wp-json\/wp\/v2\/categories?post=51716"},{"taxonomy":"post_tag","embeddable":true,"href":"https:\/\/cp.snarskis.lt\/index.php\/wp-json\/wp\/v2\/tags?post=51716"},{"taxonomy":"miestas","embeddable":true,"href":"https:\/\/cp.snarskis.lt\/index.php\/wp-json\/wp\/v2\/miestas?post=51716"}],"curies":[{"name":"wp","href":"https:\/\/api.w.org\/{rel}","templated":true}]}}