{"id":51762,"date":"2026-09-04T18:24:19","date_gmt":"2026-09-04T18:24:19","guid":{"rendered":"https:\/\/cp.snarskis.lt\/index.php\/2026\/09\/04\/kinijos-ginklai-keliauja-i-afrika-burkina-fasas-pademonstravo-sky-dragon-30-veikima\/"},"modified":"2026-09-04T18:24:19","modified_gmt":"2026-09-04T18:24:19","slug":"kinijos-ginklai-keliauja-i-afrika-burkina-fasas-pademonstravo-sky-dragon-30-veikima","status":"publish","type":"post","link":"https:\/\/cp.snarskis.lt\/index.php\/2026\/09\/04\/kinijos-ginklai-keliauja-i-afrika-burkina-fasas-pademonstravo-sky-dragon-30-veikima\/","title":{"rendered":"Kinijos ginklai keliauja \u012f Afrik\u0105: Burkina Fasas pademonstravo \u201eSky Dragon 30\u201c veikim\u0105"},"content":{"rendered":"<p>Burkina Fasas pavie\u0161ino kadrus i\u0161 pirm\u0173j\u0173 \u0161alies istorijoje kovini\u0173 \u0161audym\u0173, kuriuose did\u017eioji dalis naudojamos technikos, kaip teigiama analitik\u0173, pagaminta Kinijoje. Vaizdo \u012fra\u0161e ypa\u010d daug d\u0117mesio sulauk\u0117, tik\u0117tina, pirm\u0105 kart\u0105 vie\u0161ai parodyta vidutinio nuotolio oro gynybos sistema, siejama su \u201eSky Dragon 30\u201c.<\/p>\n<p>Med\u017eiaga pasirod\u0117 kartu su dokumentiniu pasakojimu, skirtu ketvirtosioms kapitono Ibrahimo Traor\u00e9 valdymo metin\u0117ms, ir buvo transliuota valstybin\u0117je televizijoje. Tiksli \u0161audym\u0173 data nepaskelbta, ta\u010diau \u012fra\u0161as i\u0161ry\u0161kino, kaip smarkiai pasikeit\u0117 \u0161alies ginkluotosios paj\u0117gos po bendradarbiavimo su Pranc\u016bzija nutraukimo.<\/p>\n<h2>Kas matyti \u012fra\u0161e<\/h2>\n<p>\u012era\u0161e fiksuojamas ugnies panaudojimas i\u0161 ratini\u0173 haubic\u0173 CS\/SH1, savaeigi\u0173 minosvaid\u017ei\u0173 PLL-05 ir modulini\u0173 raket\u0173 paleidimo \u012frengini\u0173 SR-5. V\u0117liau matyti, kaip kariai i\u0161skleid\u017eia radar\u0105, dirba vadaviet\u0117s transporto priemon\u0117je ir paleid\u017eia \u017eem\u0117\u2013oras raket\u0105 i\u0161 mobilios paleidimo platformos.<\/p>\n<p>Karin\u0117s technikos analitikai konteineri\u0173 ir paleidimo \u012frangos proporcijas sieja su Kinijoje sukurta \u201eSky Dragon 30\u201c. \u0160i sistema tarptautin\u0117se parodose buvo pristatoma kaip mobili oro gynyba, skirta dengti kariuomen\u0117s vienetus ir svarbius objektus nuo oro gr\u0117smi\u0173.<\/p>\n<h2>K\u0105 \u017einoma apie \u201eSky Dragon 30\u201c<\/h2>\n<p>Specializuotos gynybos analiz\u0117s \u0161altiniai nurodo, kad gamintojas \u201eNorinco\u201c deklaruoja iki 30 kilometr\u0173 veikimo nuotol\u012f ir iki 18 kilometr\u0173 siekiant\u012f auk\u0161\u010dio diapazon\u0105. Taip pat skelbiama, kad baterija gali vienu metu kovoti su keliais taikiniais, o sistema paremta integruotu radaro ir valdymo post\u0173 darbu.<\/p>\n<p>Vis d\u0117lto Burkina Faso vald\u017eia vie\u0161ai nepatvirtino, kad b\u016btent \u0161i sistema \u012fsigyta, o pareig\u016bnai kalb\u0117jo tik apie naujai gaut\u0105 prie\u0161l\u0117ktuvin\u0119 artilerij\u0105 ir oro gynybos stiprinim\u0105. Tai palieka vietos interpretacijoms, kokia tiksliai modifikacija ar komplektacija buvo parodyta.<\/p>\n<h2>Platesnis kontekstas Sahelyje<\/h2>\n<p>Burkina Fasas pastaraisiais metais siekia greitai perstatyti kariuomen\u0119, nes \u0161alyje t\u0119siasi kova su d\u017eihadist\u0173 grupuot\u0117mis ir nestabilumas Sahelio regione. Tokioje aplinkoje mobilios oro gynybos atsiradimas vertinamas kaip bandymas u\u017ekam\u0161yti anks\u010diau menkiau dengt\u0105 paj\u0117gum\u0173 sprag\u0105, ypa\u010d saugant bazes, konvojus ir kritin\u0119 infrastrukt\u016br\u0105.<\/p>\n<p>Po 2022 metais \u012fvykusio perversmo ir santyki\u0173 su Vakar\u0173 partneriais at\u0161alimo Burkina Fasas prad\u0117jo aktyviau ie\u0161koti ginkluot\u0117s tiek\u0117j\u0173 u\u017e tradicini\u0173 s\u0105junginink\u0173 rato rib\u0173. D\u0117l to Kinijos karin\u0117 pramon\u0117 regione vis da\u017eniau minima kaip alternatyvus \u0161altinis, galintis tiekti technik\u0105 greitai ir dideliais kiekiais.<\/p>\n<p>Ekspertai pabr\u0117\u017eia, kad Kinijos ginkluot\u0117s pl\u0117tra Afrikoje n\u0117ra vien tik komercinis klausimas. Ji siejama ir su geopolitine \u012ftaka, mokymais, atsargini\u0173 dali\u0173 tiekimu bei ilgalaike priklausomybe nuo aptarnavimo grandini\u0173, tod\u0117l tokie vaizdo \u012fra\u0161ai atid\u017eiai stebimi tiek Europoje, tiek Jungtin\u0117se Valstijose.<\/p>\n","protected":false},"excerpt":{"rendered":"<p>Burkina Fasas pavie\u0161ino kadrus su kin\u0173 gamybos ginkluote ir, kaip \u012ftariama, \u201eSky Dragon 30\u201c oro gynyba \u2013 tai signalas apie regiono persiorientavim\u0105.<\/p>\n","protected":false},"author":0,"featured_media":51763,"comment_status":"open","ping_status":"open","sticky":false,"template":"","format":"standard","meta":{"_acf_changed":false,"footnotes":""},"categories":[7],"tags":[40016,16945,448,40017,2706,1561,40018],"miestas":[],"class_list":["post-51762","post","type-post","status-publish","format-standard","has-post-thumbnail","hentry","category-technologijos","tag-burkina-fasas","tag-ginkluote","tag-kinija","tag-norinco","tag-oro-gynyba","tag-sahelis","tag-sky-dragon-30"],"acf":[],"_links":{"self":[{"href":"https:\/\/cp.snarskis.lt\/index.php\/wp-json\/wp\/v2\/posts\/51762","targetHints":{"allow":["GET"]}}],"collection":[{"href":"https:\/\/cp.snarskis.lt\/index.php\/wp-json\/wp\/v2\/posts"}],"about":[{"href":"https:\/\/cp.snarskis.lt\/index.php\/wp-json\/wp\/v2\/types\/post"}],"replies":[{"embeddable":true,"href":"https:\/\/cp.snarskis.lt\/index.php\/wp-json\/wp\/v2\/comments?post=51762"}],"version-history":[{"count":0,"href":"https:\/\/cp.snarskis.lt\/index.php\/wp-json\/wp\/v2\/posts\/51762\/revisions"}],"wp:featuredmedia":[{"embeddable":true,"href":"https:\/\/cp.snarskis.lt\/index.php\/wp-json\/wp\/v2\/media\/51763"}],"wp:attachment":[{"href":"https:\/\/cp.snarskis.lt\/index.php\/wp-json\/wp\/v2\/media?parent=51762"}],"wp:term":[{"taxonomy":"category","embeddable":true,"href":"https:\/\/cp.snarskis.lt\/index.php\/wp-json\/wp\/v2\/categories?post=51762"},{"taxonomy":"post_tag","embeddable":true,"href":"https:\/\/cp.snarskis.lt\/index.php\/wp-json\/wp\/v2\/tags?post=51762"},{"taxonomy":"miestas","embeddable":true,"href":"https:\/\/cp.snarskis.lt\/index.php\/wp-json\/wp\/v2\/miestas?post=51762"}],"curies":[{"name":"wp","href":"https:\/\/api.w.org\/{rel}","templated":true}]}}