{"id":51797,"date":"2026-09-04T19:18:22","date_gmt":"2026-09-04T19:18:22","guid":{"rendered":"https:\/\/cp.snarskis.lt\/index.php\/2026\/09\/04\/wad-capital-startuoja-su-675-mln-euru-fondu-eif-inese-25-mln-ir-tapo-didziausiu-remeju\/"},"modified":"2026-09-04T19:18:22","modified_gmt":"2026-09-04T19:18:22","slug":"wad-capital-startuoja-su-675-mln-euru-fondu-eif-inese-25-mln-ir-tapo-didziausiu-remeju","status":"publish","type":"post","link":"https:\/\/cp.snarskis.lt\/index.php\/2026\/09\/04\/wad-capital-startuoja-su-675-mln-euru-fondu-eif-inese-25-mln-ir-tapo-didziausiu-remeju\/","title":{"rendered":"\u201eWAD Capital\u201c startuoja su 67,5 mln. eur\u0173 fondu: EIF \u012fne\u0161\u0117 25 mln. ir tapo did\u017eiausiu r\u0117m\u0117ju"},"content":{"rendered":"<p>Belgijos investicij\u0173 bendrov\u0117 \u201eWAD Capital\u201c u\u017ebaig\u0117 pirm\u0105j\u012f debiutinio fondo etap\u0105 ir pritrauk\u0117 67,5 mln. eur\u0173. Did\u017eiausiu investuotoju tapo Europos investicij\u0173 fondas (EIF), \u012f fond\u0105 \u012fne\u0161\u0119s 25 mln. eur\u0173.<\/p>\n<p>Gente \u012fsik\u016brusi komanda orientuojasi \u012f ma\u017eas ir vidutines Europos \u012fmones, kurioms kyla verslo perdavimo \u012fp\u0117diniams problema. Modelio esm\u0117 \u2013 \u012fsigyti veikian\u010dius, pelningus verslus ir j\u0173 valdym\u0105 patik\u0117ti atrinktiems vadovams, galintiems perimti \u012fmon\u0119 ir j\u0105 auginti.<\/p>\n<h2>Kaip veikia \u012fp\u0117dinyst\u0117s sprendimas<\/h2>\n<p>\u201eWAD Capital\u201c siekia padidinti fondo dyd\u012f nuo 67,5 mln. eur\u0173 iki 130 mln. eur\u0173, o maksimalus dydis numatytas 132,5 mln. eur\u0173. Papildomas kapitalas, kaip nurodoma, pad\u0117s grei\u010diau suderinti \u012fmones, ie\u0161kan\u010dias per\u0117m\u0117jo, ir vadovus, pasirengusius tapti savininkais.<\/p>\n<p>EIF investicija \u012fgyvendinama pasitelkiant Europos Komisijos InvestEU programos mechanizm\u0105, kuris da\u017enai naudojamas pritraukti daugiau privataus kapitalo \u012f strategines sritis. \u201eWAD Capital\u201c teigia, kad fondo valdytojai taip pat prisideda nuosavu \u012fna\u0161u ir \u012f fond\u0105 investuoja 2 proc. kapitalo.<\/p>\n<p>\u201eEuropa turi daug s\u0117kming\u0173 ma\u017e\u0173 ir vidutini\u0173 \u012fmoni\u0173, turin\u010di\u0173 didel\u012f augimo potencial\u0105, ta\u010diau joms reikia ir kapitalo, ir verslumo talento, kad pereit\u0173 \u012f kit\u0105 etap\u0105\u201c, \u2013 sak\u0117 EIB grup\u0117s viceprezidentas Robertas de Grootas.<\/p>\n<h2>\u012e kokias \u012fmones taikosi fondas<\/h2>\n<p>Bendrov\u0117 \u012fkurta 2023 metais Christopherio Tourniso Gamble\u2019o, Steveno Coppenso ir Alaino Bross\u00e9. Ji kuria institucin\u0119 platform\u0105 vadinamajam \u012fsigijimu gr\u012fstam verslumui, kai nauji savininkai perima jau veikian\u010di\u0105 \u012fmon\u0119, o ne kuria j\u0105 nuo nulio.<\/p>\n<p>\u201eWAD Capital\u201c taikosi \u012f pelningas MV\u012e Beniliukso \u0161alyse, \u0161iaur\u0117s Pranc\u016bzijoje ir vakar\u0173 Vokietijoje. Nurodoma, kad ie\u0161kom\u0173 \u012fmoni\u0173 metinis EBITDA paprastai siekia nuo 1 iki 5 mln. eur\u0173, o sektoriai da\u017eniausiai susij\u0119 su sveikatos prie\u017ei\u016bra, energetika, klimato pertvarka ir verslo paslaugomis.<\/p>\n<h2>Vadovas per\u0117mimui ir DI sandoriams spartinti<\/h2>\n<p>Kiekvien\u0105 sandor\u012f veda vadinamasis \u201eCEO in Residence\u201c \u2013 patyr\u0119s vadovas, kur\u012f fondas atrenka, patikrina ir lydi nuo rinkos paie\u0161kos iki \u012fsigytos \u012fmon\u0117s valdymo. Bendrov\u0117 akcentuoja duomenimis gr\u012fst\u0105 potenciali\u0173 taikini\u0173 paie\u0161k\u0105 ir DI pasitelkim\u0105 teisiniam patikrinimui, siekiant pagreitinti procesus.<\/p>\n<p>Teigiama, kad tokie \u012frankiai ypa\u010d svarb\u016bs ma\u017eesniems sandoriams, kuriuose tradicin\u0117s konsultavimo i\u0161laidos da\u017enai tampa per didel\u0117s, palyginti su sandorio dyd\u017eiu. \u201eWAD Capital\u201c skelbia, kad kasmet per\u017ei\u016bri de\u0161imtis t\u016bkstan\u010di\u0173 \u012fmoni\u0173, kad atrinkt\u0173 tinkamiausius kandidatus \u012fsigijimui.<\/p>\n<p>\u201eA\u0161tuoni \u012fsigijimai per ma\u017eiau nei metus ir reik\u0161minga EIF investicija rodo, kad m\u016bs\u0173 modelis yra ple\u010diamas ir Europa pripa\u017e\u012fsta tai, k\u0105 darome\u201c, \u2013 sak\u0117 \u201eWAD Capital\u201c vadovaujantis partneris Stevenas Coppensas.<\/p>\n<p>Pasak bendrov\u0117s, i\u0161 pirmosios 13 vadov\u0173 grup\u0117s a\u0161tuoni jau u\u017ebaig\u0117 \u012fsigijimus, o dar penki sandoriai yra baigiamojoje stadijoje. Naujas kapitalas taip pat tur\u0117t\u0173 finansuoti antr\u0105j\u0105 12 vadov\u0173 grup\u0119, i\u0161 kuri\u0173 10 jau patvirtinti.<\/p>\n<p>\u201eWAD Capital\u201c tikslas \u2013 didinti vadov\u0173 grup\u0117s mast\u0105 ir iki 2027 met\u0173 pabaigos i\u0161pl\u0117sti portfel\u012f iki 25 \u012fmoni\u0173. Bendrov\u0117 pabr\u0117\u017eia, kad toks modelis siejamas ne tik su finansine gr\u0105\u017ea, bet ir su poveikiu \u2013 versl\u0173 t\u0119stinumu bei darbo viet\u0173 i\u0161saugojimu regionuose.<\/p>\n<p>\u201ePadidindami vadov\u0173 skai\u010di\u0173 nuo trylikos iki dvide\u0161imt penki\u0173, galime \u012fsigyti dvide\u0161imt penkias sveikas MV\u012e, susidurian\u010dias su \u012fp\u0117dinyst\u0117s i\u0161\u0161\u016bkiu, ir i\u0161laikyti jas europieti\u0161kose rankose\u201c, \u2013 sak\u0117 \u201eWAD Capital\u201c vadovaujantis partneris Alainas Bross\u00e9.<\/p>\n","protected":false},"excerpt":{"rendered":"<p>\u201eWAD Capital\u201c pasiek\u0117 67,5 mln. eur\u0173 pirm\u0105j\u012f fondo etap\u0105, o EIF \u012fne\u0161\u0117 25 mln. eur\u0173 ir pad\u0117s siekti 130 mln. eur\u0173 tikslo.<\/p>\n","protected":false},"author":0,"featured_media":51798,"comment_status":"open","ping_status":"open","sticky":false,"template":"","format":"standard","meta":{"_acf_changed":false,"footnotes":""},"categories":[94],"tags":[40055,39323,14236,19515,16640,1040,40054],"miestas":[],"class_list":["post-51797","post","type-post","status-publish","format-standard","has-post-thumbnail","hentry","category-finansai","tag-eif","tag-europos-investiciju-fondas","tag-imoniu-isigijimai","tag-investeu","tag-mazos-ir-vidutines-imones","tag-startuoliai","tag-wad-capital"],"acf":[],"_links":{"self":[{"href":"https:\/\/cp.snarskis.lt\/index.php\/wp-json\/wp\/v2\/posts\/51797","targetHints":{"allow":["GET"]}}],"collection":[{"href":"https:\/\/cp.snarskis.lt\/index.php\/wp-json\/wp\/v2\/posts"}],"about":[{"href":"https:\/\/cp.snarskis.lt\/index.php\/wp-json\/wp\/v2\/types\/post"}],"replies":[{"embeddable":true,"href":"https:\/\/cp.snarskis.lt\/index.php\/wp-json\/wp\/v2\/comments?post=51797"}],"version-history":[{"count":0,"href":"https:\/\/cp.snarskis.lt\/index.php\/wp-json\/wp\/v2\/posts\/51797\/revisions"}],"wp:featuredmedia":[{"embeddable":true,"href":"https:\/\/cp.snarskis.lt\/index.php\/wp-json\/wp\/v2\/media\/51798"}],"wp:attachment":[{"href":"https:\/\/cp.snarskis.lt\/index.php\/wp-json\/wp\/v2\/media?parent=51797"}],"wp:term":[{"taxonomy":"category","embeddable":true,"href":"https:\/\/cp.snarskis.lt\/index.php\/wp-json\/wp\/v2\/categories?post=51797"},{"taxonomy":"post_tag","embeddable":true,"href":"https:\/\/cp.snarskis.lt\/index.php\/wp-json\/wp\/v2\/tags?post=51797"},{"taxonomy":"miestas","embeddable":true,"href":"https:\/\/cp.snarskis.lt\/index.php\/wp-json\/wp\/v2\/miestas?post=51797"}],"curies":[{"name":"wp","href":"https:\/\/api.w.org\/{rel}","templated":true}]}}