{"id":51817,"date":"2026-09-04T19:30:50","date_gmt":"2026-09-04T19:30:50","guid":{"rendered":"https:\/\/cp.snarskis.lt\/index.php\/2026\/09\/04\/vengrija-arteja-prie-grizimo-i-horizon-europe-valdzia-zada-atverti-isaldytas-es-mokslo-lesas\/"},"modified":"2026-09-04T19:30:50","modified_gmt":"2026-09-04T19:30:50","slug":"vengrija-arteja-prie-grizimo-i-horizon-europe-valdzia-zada-atverti-isaldytas-es-mokslo-lesas","status":"publish","type":"post","link":"https:\/\/cp.snarskis.lt\/index.php\/2026\/09\/04\/vengrija-arteja-prie-grizimo-i-horizon-europe-valdzia-zada-atverti-isaldytas-es-mokslo-lesas\/","title":{"rendered":"Vengrija art\u0117ja prie gr\u012f\u017eimo \u012f \u201eHorizon Europe\u201c: vald\u017eia \u017eada atverti \u012f\u0161aldytas ES mokslo l\u0117\u0161as"},"content":{"rendered":"<p>Vengrija skelbia pa\u0161alinusi teisinius barjerus, kurie pastaraisiais metais ribojo \u0161alies dalyvavim\u0105 Europos S\u0105jungos mokslini\u0173 tyrim\u0173 ir inovacij\u0173 programoje \u201eHorizon Europe\u201c. \u0160is \u017eingsnis gal\u0117t\u0173 atverti keli\u0105 v\u0117l naudotis ES finansuojamais projektais ir tarptautin\u0117mis partneryst\u0117mis.<\/p>\n<p>Vengrijos mokslo ir technologij\u0173 ministras Zolt\u00e1n Tan\u00e1cs teig\u0117, kad \u0161alis pakeit\u0117 auk\u0161tojo mokslo valdymo model\u012f taip, kad jis atitikt\u0173 su Europos Komisija suderintus techninius kriterijus. Pasak jo, pertvarka tur\u0117jo panaikinti strukt\u016bras, k\u0117lusiais interes\u0173 konflikto rizikas.<\/p>\n<p>\u201eTeisi\u0161kai mes jau sugr\u012f\u017eome\u201c, \u2013 sak\u0117 Zolt\u00e1n Tan\u00e1cs.<\/p>\n<p>Europos Komisijos atstovas nurod\u0117, kad Briuselis dar n\u0117ra oficialiai gav\u0119s prane\u0161imo apie u\u017ebaigtus poky\u010dius. Tai rei\u0161kia, kad sprendimai d\u0117l praktinio dalyvavimo ir finansavimo atnaujinimo priklausys nuo formalaus vertinimo ir administracini\u0173 proced\u016br\u0173.<\/p>\n<p>Vengrijos galimyb\u0117s pilnai dalyvauti \u201eHorizon Europe\u201c buvo apribotos 2022 metais, kai ES institucijos i\u0161rei\u0161k\u0117 susir\u016bpinim\u0105 d\u0117l vadinam\u0173j\u0173 vie\u0161ojo intereso patikos fond\u0173, per kuriuos buvo valdoma dalis universitet\u0173. \u0160ios strukt\u016bros, pasak ES, gal\u0117jo sudaryti s\u0105lygas interes\u0173 konfliktams ir nepakankamai skaidriam sprendim\u0173 pri\u0117mimui, tod\u0117l Vengrija buvo i\u0161 dalies atskirta nuo daugelio ES finansuojam\u0173 mokslini\u0173 konsorcium\u0173.<\/p>\n<p>\u201eHorizon Europe\u201c yra pagrindin\u0117 ES mokslini\u0173 tyrim\u0173 programa 2021\u20132027 met\u0173 laikotarpiui, kurios bendra biud\u017eeto apimtis siekia apie 95 milijardus eur\u0173. Programoje finansuojami tiek fundamentiniai tyrimai, tiek taikomieji projektai, orientuoti \u012f pramon\u0117s konkurencingum\u0105, sveikat\u0105, klimat\u0105, energetik\u0105 ir skaitmenin\u0119 transformacij\u0105.<\/p>\n<p>Ministro teigimu, d\u0117l apribojim\u0173 Vengrijos mokslo institucijos patyr\u0117 dideli\u0173 nuostoli\u0173, nes buvo prarastos galimyb\u0117s dalyvauti bendruose Europos projektuose, pritraukti tarptautines komandas ir u\u017esitikrinti ilgalaik\u012f finansavim\u0105. Jis prognozavo, kad l\u0117\u0161\u0173 atlaisvinimas gal\u0117t\u0173 \u012fvykti iki met\u0173 pabaigos, jei administracin\u0117s proced\u016bros bus u\u017ebaigtos skland\u017eiai.<\/p>\n<p>Vengrija taip pat sieja sugr\u012f\u017eim\u0105 \u012f ES programas su ambicijomis stiprinti dirbtinio intelekto krypt\u012f. Pasak Zolt\u00e1n Tan\u00e1cs, \u0161alis svarsto steigti \u0161imtus nauj\u0173 profes\u016br\u0173 ir pl\u0117sti tarptautin\u012f bendradarbiavim\u0105, kad DI tyrimai ir kompetencijos vystymas vykt\u0173 kartu su Europos partneriais.<\/p>\n<p>Politinis kontekstas taip pat svarbus: po premjero P\u00e9ter Magyar pergal\u0117s 2026 metais Budape\u0161tas vie\u0161ai deklaruoja siek\u012f normalizuoti santykius su Briuseliu ir susigr\u0105\u017einti u\u017estrigus\u012f finansavim\u0105. ES signalizuoja, kad progresas vertinamas per realiai \u012fgyvendinamas reformas, o ne vien vie\u0161us pa\u017eadus, tod\u0117l galutinis sprendimas priklausys nuo to, ar pakeitimai bus laikomi tvariais ir \u012fgyvendintais praktikoje.<\/p>\n","protected":false},"excerpt":{"rendered":"<p>Vengrija skelbia pa\u0161alinusi kli\u016btis sugr\u012f\u017eti \u012f \u201eHorizon Europe\u201c, ta\u010diau Europos Komisija dar laukia oficialaus patvirtinimo ir vertins reformas.<\/p>\n","protected":false},"author":0,"featured_media":51818,"comment_status":"open","ping_status":"open","sticky":false,"template":"","format":"standard","meta":{"_acf_changed":false,"footnotes":""},"categories":[7],"tags":[22516,667,14396,100,99,38740,2160],"miestas":[],"class_list":["post-51817","post","type-post","status-publish","format-standard","has-post-thumbnail","hentry","category-technologijos","tag-aukstasis-mokslas","tag-europos-komisija","tag-horizon-europe","tag-internetas","tag-kibernetinis-saugumas","tag-mokslo-finansavimas","tag-vengrija"],"acf":[],"_links":{"self":[{"href":"https:\/\/cp.snarskis.lt\/index.php\/wp-json\/wp\/v2\/posts\/51817","targetHints":{"allow":["GET"]}}],"collection":[{"href":"https:\/\/cp.snarskis.lt\/index.php\/wp-json\/wp\/v2\/posts"}],"about":[{"href":"https:\/\/cp.snarskis.lt\/index.php\/wp-json\/wp\/v2\/types\/post"}],"replies":[{"embeddable":true,"href":"https:\/\/cp.snarskis.lt\/index.php\/wp-json\/wp\/v2\/comments?post=51817"}],"version-history":[{"count":0,"href":"https:\/\/cp.snarskis.lt\/index.php\/wp-json\/wp\/v2\/posts\/51817\/revisions"}],"wp:featuredmedia":[{"embeddable":true,"href":"https:\/\/cp.snarskis.lt\/index.php\/wp-json\/wp\/v2\/media\/51818"}],"wp:attachment":[{"href":"https:\/\/cp.snarskis.lt\/index.php\/wp-json\/wp\/v2\/media?parent=51817"}],"wp:term":[{"taxonomy":"category","embeddable":true,"href":"https:\/\/cp.snarskis.lt\/index.php\/wp-json\/wp\/v2\/categories?post=51817"},{"taxonomy":"post_tag","embeddable":true,"href":"https:\/\/cp.snarskis.lt\/index.php\/wp-json\/wp\/v2\/tags?post=51817"},{"taxonomy":"miestas","embeddable":true,"href":"https:\/\/cp.snarskis.lt\/index.php\/wp-json\/wp\/v2\/miestas?post=51817"}],"curies":[{"name":"wp","href":"https:\/\/api.w.org\/{rel}","templated":true}]}}