{"id":51854,"date":"2026-09-04T23:00:15","date_gmt":"2026-09-04T23:00:15","guid":{"rendered":"https:\/\/cp.snarskis.lt\/index.php\/2026\/09\/04\/szalviu-zalia-grizta-i-mada-aktores-suknele-parode-kuo-ji-nukonkuravo-sviestine-geltona\/"},"modified":"2026-09-04T23:00:15","modified_gmt":"2026-09-04T23:00:15","slug":"szalviu-zalia-grizta-i-mada-aktores-suknele-parode-kuo-ji-nukonkuravo-sviestine-geltona","status":"publish","type":"post","link":"https:\/\/cp.snarskis.lt\/index.php\/2026\/09\/04\/szalviu-zalia-grizta-i-mada-aktores-suknele-parode-kuo-ji-nukonkuravo-sviestine-geltona\/","title":{"rendered":"Sza\u0142vi\u0173 \u017ealia gr\u012f\u017eta \u012f mad\u0105: aktor\u0117s suknel\u0117 parod\u0117, kuo ji nukonkuravo sviestin\u0119 gelton\u0105"},"content":{"rendered":"<p>Lenk\u0173 aktor\u0117 Anna Dereszowska rugs\u0117jo 3 dien\u0105 pasirod\u0117 TVP rudens sezono pristatyme ir patrauk\u0117 d\u0117mes\u012f ne tik naujais projektais, bet ir \u012fvaizd\u017eiu. \u0160\u012f kart\u0105 ji pasirinko sza\u0142vi\u0173, arba \u0161alavijo, atspalvio suknel\u0119, kuri pastaruoju metu vis da\u017eniau \u012fvardijama kaip naujas sezono favoritas.<\/p>\n<p>Dereszowska vilk\u0117jo ilg\u0105 maxi suknel\u0119 prislopintos \u017ealios ir pilk\u0161vo tono sand\u016broje, su ilgomis rankov\u0117mis ir gilia V formos i\u0161kirpte. Siluet\u0105 i\u0161ry\u0161kino drapiruot\u0117s ties liemeniu, o minimalistinis kirpimas leido spalvai tapti pagrindiniu akcentu.<\/p>\n<p>Net ir ry\u0161kesn\u0117 i\u0161kirpt\u0117 neatrod\u0117 perd\u0117ta, nes bendras \u012fvaizdis i\u0161liko sant\u016brus: \u0161veln\u016bs aksesuarai ir tvarkinga \u0161ukuosena suk\u016br\u0117 eleganti\u0161k\u0105, bet neperkraut\u0105 efekt\u0105. Toks derinys atitinka ir dabartin\u0119 krypt\u012f, kai prabangos \u012fsp\u016bdis kuriamas ne blizgesiu, o kokybi\u0161ku audiniu, konstrukcija ir subtiliais tonais.<\/p>\n<p>Pastaraisiais m\u0117nesiais mados lauke dominavo vadinamoji sviestin\u0117 geltona, ta\u010diau j\u0105 vis da\u017eniau kei\u010dia d\u016bminiai, gamtos \u012fkv\u0117pti atspalviai. \u0160alavijo \u017ealia i\u0161siskiria tuo, kad yra pastebima, bet lengvai derinama, tod\u0117l tinka tiek kasdieniams, tiek proginiams deriniams.<\/p>\n<p>Stilistai \u0161alavijo atspalv\u012f vertina ir d\u0117l sezoni\u0161kumo: jis organi\u0161kai atrodo pavasar\u012f bei vasar\u0105, ta\u010diau ypa\u010d su\u017eiba ruden\u012f, kai atsiranda sunkesni\u0173 fakt\u016br\u0173. Prie \u0161io tono da\u017enai derinami vilnos, zom\u0161os, satino ar kostiuminiai audiniai, kurie suteikia spalvai gylio.<\/p>\n<p>Prakti\u0161kai tai vienas universaliausi\u0173 \u017eali\u0173 atspalvi\u0173: jis lengvai \u201esusikalba\u201c su kreminiais ir pieno baltumo tonais, sm\u0117lio bei kakavos spalvomis, taip pat su sodresniais rudens akcentais. Jei norisi kontrasto, \u0161alavijo \u017ealia da\u017enai derinama su bordo ar gilesne ruda, o papuo\u0161aluose i\u0161rai\u0161kingai atrodo tiek auksas, tiek sidabras.<\/p>\n<p>Spalvos pasirinkimas siejamas ir su individualia i\u0161vaizda: prislopinti \u017ealsvi tonai ypa\u010d harmoningai dera prie \u0161viesesn\u0117s odos ir \u0161velnesnio kontrasto bruo\u017e\u0173. Vis d\u0117lto tamsesni\u0173 plauk\u0173 ar \u0161iltesnio kolorito \u017emon\u0117ms rekomenduojama rinktis \u0161iltesn\u0119, labiau alyvuogi\u0173 krypties \u0161alavijo variacij\u0105 arba papildyti derin\u012f \u0161iltais aksesuarais.<\/p>\n<p>Dereszowska pavyzdys rodo, kad \u0161\u012f atspalv\u012f galima d\u0117v\u0117ti ir kaip vien\u0105 ry\u0161k\u0173 akcent\u0105, ir kaip neutrali\u0105 baz\u0119 garderobui. Tai spalva, kuri mados tendencijose \u012fsitvirtina ne d\u0117l trumpalaikio efekto, o d\u0117l prakti\u0161kumo ir lengvo pritaikymo \u012fvairiems stiliams.<\/p>\n","protected":false},"excerpt":{"rendered":"<p>\u0160alavijo \u017ealia vis da\u017eniau kei\u010dia sviestin\u0119 gelton\u0105: aktor\u0117s pasirinkta suknel\u0117 primin\u0117, kod\u0117l \u0161is atspalvis laikomas universaliausiu rudeniui.<\/p>\n","protected":false},"author":0,"featured_media":51855,"comment_status":"open","ping_status":"open","sticky":false,"template":"","format":"standard","meta":{"_acf_changed":false,"footnotes":""},"categories":[13],"tags":[40104,840,32918,40105,11912,8633,17052],"miestas":[],"class_list":["post-51854","post","type-post","status-publish","format-standard","has-post-thumbnail","hentry","category-kultura","tag-anna-dereszowska","tag-mados-tendencijos","tag-rudens-mada","tag-salavijo-zalia","tag-spalvu-deriniai","tag-sukneles","tag-tvp"],"acf":[],"_links":{"self":[{"href":"https:\/\/cp.snarskis.lt\/index.php\/wp-json\/wp\/v2\/posts\/51854","targetHints":{"allow":["GET"]}}],"collection":[{"href":"https:\/\/cp.snarskis.lt\/index.php\/wp-json\/wp\/v2\/posts"}],"about":[{"href":"https:\/\/cp.snarskis.lt\/index.php\/wp-json\/wp\/v2\/types\/post"}],"replies":[{"embeddable":true,"href":"https:\/\/cp.snarskis.lt\/index.php\/wp-json\/wp\/v2\/comments?post=51854"}],"version-history":[{"count":0,"href":"https:\/\/cp.snarskis.lt\/index.php\/wp-json\/wp\/v2\/posts\/51854\/revisions"}],"wp:featuredmedia":[{"embeddable":true,"href":"https:\/\/cp.snarskis.lt\/index.php\/wp-json\/wp\/v2\/media\/51855"}],"wp:attachment":[{"href":"https:\/\/cp.snarskis.lt\/index.php\/wp-json\/wp\/v2\/media?parent=51854"}],"wp:term":[{"taxonomy":"category","embeddable":true,"href":"https:\/\/cp.snarskis.lt\/index.php\/wp-json\/wp\/v2\/categories?post=51854"},{"taxonomy":"post_tag","embeddable":true,"href":"https:\/\/cp.snarskis.lt\/index.php\/wp-json\/wp\/v2\/tags?post=51854"},{"taxonomy":"miestas","embeddable":true,"href":"https:\/\/cp.snarskis.lt\/index.php\/wp-json\/wp\/v2\/miestas?post=51854"}],"curies":[{"name":"wp","href":"https:\/\/api.w.org\/{rel}","templated":true}]}}