{"id":51858,"date":"2026-09-04T23:01:02","date_gmt":"2026-09-04T23:01:02","guid":{"rendered":"https:\/\/cp.snarskis.lt\/index.php\/2026\/09\/04\/kendall-jenner-pirmakart-venecijoje-netiketas-pasirinkimas-ant-raudonojo-kilimo-paverge-visus\/"},"modified":"2026-09-04T23:01:02","modified_gmt":"2026-09-04T23:01:02","slug":"kendall-jenner-pirmakart-venecijoje-netiketas-pasirinkimas-ant-raudonojo-kilimo-paverge-visus","status":"publish","type":"post","link":"https:\/\/cp.snarskis.lt\/index.php\/2026\/09\/04\/kendall-jenner-pirmakart-venecijoje-netiketas-pasirinkimas-ant-raudonojo-kilimo-paverge-visus\/","title":{"rendered":"Kendall Jenner pirm\u0105kart Venecijoje: netik\u0117tas pasirinkimas ant raudonojo kilimo paverg\u0117 visus"},"content":{"rendered":"<p>Kendall Jenner pirm\u0105 kart\u0105 pasirod\u0117 Venecijos kino festivalio raudonajame kilime ir i\u0161kart tapo viena daugiausiai aptarin\u0117jam\u0173 vakaro vie\u0161ni\u0173. Modelis atvyko \u012f filmo \u201eWild Horse Nine\u201c premjer\u0105 \u2013 tai nauja juodojo humoro komedija, re\u017eisuota Martino McDonagho ir var\u017eanti d\u0117l pagrindinio festivalio apdovanojimo.<\/p>\n<p>Did\u017eiausio d\u0117mesio sulauk\u0117 ne tik jos pasirodymas, bet ir pasirinkta apranga. Kendall Jenner vilk\u0117jo archyvin\u0119 \u201eGiorgio Armani\u201c suknel\u0119, sukurt\u0105 1995 met\u0173 rudens ir \u017eiemos sezonui, kuri i\u0161siskyr\u0117 subtiliu, ta\u010diau labai fotogeni\u0161ku spindesiu.<\/p>\n<p>Prigludusio silueto suknel\u0117 tur\u0117jo paprast\u0105 apvali\u0105 i\u0161kirpt\u0119, o vis\u0105 efekt\u0105 k\u016br\u0117 opalizuojantys karoliukai ir g\u0117li\u0173 motyv\u0173 ra\u0161tai. Fotograf\u0173 blyks\u010di\u0173 \u0161viesoje fakt\u016bra atrod\u0117 tarsi skystas metalas, tod\u0117l \u012fvaizdis primin\u0117 klasikin\u012f Holivudo glam\u016br\u0105.<\/p>\n<p>Stilistinis sprendimas atitiko vien\u0105 ry\u0161kiausi\u0173 pastar\u0173j\u0173 met\u0173 raudonojo kilimo kryp\u010di\u0173 \u2013 gr\u012f\u017eim\u0105 prie vinta\u017eo ir archyvini\u0173 kolekcij\u0173. Mados nam\u0173 archyvai vis da\u017eniau tampa alternatyva naujai si\u016btiems drabu\u017eiams, o toks pasirinkimas paprastai vertinamas ir kaip tvaresn\u0117, ir kaip i\u0161skirtinum\u0105 pabr\u0117\u017eianti \u017einut\u0117.<\/p>\n<p>Jenner atsisak\u0117 ry\u0161kesni\u0173 papildom\u0173 detali\u0173, kurios kadaise buvo rodomos kartu su \u0161iuo modeliu, ir leido dominuoti pa\u010diai suknelei. Prie jos derinti minimalistiniai aksesuarai ir neutral\u016bs auk\u0161takulniai, o bendr\u0105 \u012fsp\u016bd\u012f sustiprino mink\u0161tomis bangomis suformuota \u0161ukuosena.<\/p>\n<p>Tai ne pirmas kartas, kai Kendall Jenner renkasi metalo atspalvius ir spindin\u010dius audinius svarbiausiems renginiams. Vis d\u0117lto Venecijoje pasirinktas archyvinis k\u016brinys dar kart\u0105 parod\u0117, kad vinta\u017eas gali atrodyti ir moderniai, ir prabangiai, jei i\u0161laikoma ai\u0161ki proporcija tarp efekto ir sant\u016brumo.<\/p>\n","protected":false},"excerpt":{"rendered":"<p>Kendall Jenner debiutavo Venecijos kino festivalio kilime ir pasirinko archyvin\u0119 \u201eGiorgio Armani\u201c suknel\u0119, kuri tapo vakaro sensacija.<\/p>\n","protected":false},"author":0,"featured_media":51859,"comment_status":"open","ping_status":"open","sticky":false,"template":"","format":"standard","meta":{"_acf_changed":false,"footnotes":""},"categories":[13],"tags":[4822,40108,40107,8620,31640,5970],"miestas":[],"class_list":["post-51858","post","type-post","status-publish","format-standard","has-post-thumbnail","hentry","category-kultura","tag-aukstoji-mada","tag-giorgio-armani","tag-kendall-jenner","tag-raudonasis-kilimas","tag-venecijos-kino-festivalis","tag-vintazas"],"acf":[],"_links":{"self":[{"href":"https:\/\/cp.snarskis.lt\/index.php\/wp-json\/wp\/v2\/posts\/51858","targetHints":{"allow":["GET"]}}],"collection":[{"href":"https:\/\/cp.snarskis.lt\/index.php\/wp-json\/wp\/v2\/posts"}],"about":[{"href":"https:\/\/cp.snarskis.lt\/index.php\/wp-json\/wp\/v2\/types\/post"}],"replies":[{"embeddable":true,"href":"https:\/\/cp.snarskis.lt\/index.php\/wp-json\/wp\/v2\/comments?post=51858"}],"version-history":[{"count":0,"href":"https:\/\/cp.snarskis.lt\/index.php\/wp-json\/wp\/v2\/posts\/51858\/revisions"}],"wp:featuredmedia":[{"embeddable":true,"href":"https:\/\/cp.snarskis.lt\/index.php\/wp-json\/wp\/v2\/media\/51859"}],"wp:attachment":[{"href":"https:\/\/cp.snarskis.lt\/index.php\/wp-json\/wp\/v2\/media?parent=51858"}],"wp:term":[{"taxonomy":"category","embeddable":true,"href":"https:\/\/cp.snarskis.lt\/index.php\/wp-json\/wp\/v2\/categories?post=51858"},{"taxonomy":"post_tag","embeddable":true,"href":"https:\/\/cp.snarskis.lt\/index.php\/wp-json\/wp\/v2\/tags?post=51858"},{"taxonomy":"miestas","embeddable":true,"href":"https:\/\/cp.snarskis.lt\/index.php\/wp-json\/wp\/v2\/miestas?post=51858"}],"curies":[{"name":"wp","href":"https:\/\/api.w.org\/{rel}","templated":true}]}}