{"id":51862,"date":"2026-09-05T01:00:28","date_gmt":"2026-09-05T01:00:28","guid":{"rendered":"https:\/\/cp.snarskis.lt\/index.php\/2026\/09\/05\/vilniaus-centre-suzaliavo-600-kv-metru-miskas-zemaites-skvere-atsivere-netiketas-vaizdas\/"},"modified":"2026-09-05T01:00:28","modified_gmt":"2026-09-05T01:00:28","slug":"vilniaus-centre-suzaliavo-600-kv-metru-miskas-zemaites-skvere-atsivere-netiketas-vaizdas","status":"publish","type":"post","link":"https:\/\/cp.snarskis.lt\/index.php\/2026\/09\/05\/vilniaus-centre-suzaliavo-600-kv-metru-miskas-zemaites-skvere-atsivere-netiketas-vaizdas\/","title":{"rendered":"Vilniaus centre su\u017ealiavo 600 kv. metr\u0173 mi\u0161kas: \u017demait\u0117s skvere atsiv\u0117r\u0117 netik\u0117tas vaizdas"},"content":{"rendered":"<h2>Mi\u0161kas, kuris kei\u010diasi kartu su miestu<\/h2>\n<p>Gedimino prospekte atsirado i\u0161skirtinis monumentalaus meno k\u016brinys, kur\u012f praeiviai neretai palaiko tikru miesto \u017ealumos t\u0119siniu. Ant vieno pastato sienos nutapytas beveik 600 kvadratini\u0173 metr\u0173 \u201eBukant\u0117s mi\u0161kas\u201c kvie\u010dia \u012f\u017eengti \u012f \u017demait\u0117s k\u016brybos pasaul\u012f, kuriame susipina gamta, paslaptis ir gyvyb\u0117.<\/p>\n<p>K\u016brinys tapo atviros miesto galerijos dalimi ir papild\u0117 atnaujint\u0105 \u017demait\u0117s skver\u0105. \u0160i vieta pasirinkta neatsitiktinai: meninis pasakojimas s\u0105moningai kuriamas taip, kad vizualiai prat\u0119st\u0173 skvero med\u017eius ir stiprint\u0173 \u017eali\u0105j\u0105 a\u0161\u012f pa\u010diame miesto centre.<\/p>\n<h2>Unikali technika ir dialogas su tikrais med\u017eiais<\/h2>\n<p>Meninink\u0117 Liuda Jaru\u0161evi\u010di\u016bt\u0117 Stankevi\u010dien\u0117 darb\u0105 k\u016br\u0117 mi\u0161ria tapybos ir grafikos technika, o did\u017eiulis plotas nutapytas nedideliais teptukais. Pasak k\u016br\u0117jos, id\u0117ja gim\u0117 dar pandemijos metu, kai ugniasieni\u0173 projektams ie\u0161kota sprendim\u0173, galin\u010di\u0173 ne konkuruoti su aplinka, o j\u0105 papildyti.<\/p>\n<p>\u201eMano tikslas buvo sukurti mi\u0161k\u0105, kuris b\u016bt\u0173 gyvas ir \u012fdomus visais met\u0173 laikais ir gyvent\u0173 kartu su skveru\u201c, \u2013 sak\u0117 \u201eBukant\u0117s mi\u0161ko\u201c autor\u0117 Liuda Jaru\u0161evi\u010di\u016bt\u0117 Stankevi\u010dien\u0117.<\/p>\n<p>\u0160io k\u016brinio i\u0161skirtinumas tas, kad dal\u012f sienos u\u017estoja tikr\u0173 med\u017ei\u0173 lajos, o jie patys tampa kompozicijos pirmuoju planu. Vasar\u0105 \u017eeldiniai paslepia dal\u012f tapybos, ruden\u012f atsiveria daugiau detali\u0173, o \u017eiem\u0105 vaizd\u0105 papildo \u0161akos ir j\u0173 \u0161e\u0161\u0117liai.<\/p>\n<h2>\u017demait\u0117, Frida Kahlo ir nauji miesto skaitymai<\/h2>\n<p>\u201eBukant\u0117s mi\u0161ke\u201c integruotas ir 2016 metais scenograf\u0117s Paul\u0117s Bocullait\u0117s sukurtas Fridos Kahlo portretas, suteikiantis k\u016briniui papildom\u0173 prasmi\u0173. Dviej\u0173 ry\u0161ki\u0173 menininki\u0173 dialogas \u010dia perskaitomas kaip pasakojimas apie autenti\u0161k\u0105 moters patirt\u012f, laisv\u0119 k\u016bryboje ir socialini\u0173 norm\u0173 keliamas ribas.<\/p>\n<p>K\u016brinio \u012fgyvendinimas prasid\u0117jo 2025 met\u0173 rugs\u0117j\u012f, ta\u010diau darb\u0173 temp\u0105 koregavo oro s\u0105lygos, ypa\u010d \u0161altuoju sezonu. Galutin\u012f rezultat\u0105 galima pamatyti ant pastato Gedimino prospekte, \u0161alia \u017demait\u0117s skvero.<\/p>\n<p>\u0160alia sienin\u0117s tapybos numatytas ir informacinis stendas, skirtas \u017demaitei, kad praeiviai gal\u0117t\u0173 geriau suprasti, kuo \u0161is literat\u016brinis kontekstas svarbus pasirinktam vaizdiniui. Rengiant tekstus konsultuotasi su Lietuvi\u0173 kalbos ir literat\u016bros instituto tyr\u0117ja doc. dr. \u017dydrone Kolevinskiene.<\/p>\n<p>Oficialus \u201eBukant\u0117s mi\u0161ko\u201c pristatymas planuojamas rugs\u0117jo pabaigoje \u017demait\u0117s skvere, tiksli data dar bus tikslinama. Organizatoriai \u017eada, kad renginio metu lankytojai gal\u0117s ne tik pamatyti vis\u0105 k\u016brin\u012f, bet ir i\u0161girsti jo atsiradimo istorij\u0105.<\/p>\n","protected":false},"excerpt":{"rendered":"<p>Vilniaus centre ant Gedimino prospekto pastato sienos nutapytas 600 kv. metr\u0173 \u201eBukant\u0117s mi\u0161kas\u201c papildo \u017demait\u0117s skver\u0105 ir kinta su met\u0173 laikais.<\/p>\n","protected":false},"author":0,"featured_media":51863,"comment_status":"open","ping_status":"open","sticky":false,"template":"","format":"standard","meta":{"_acf_changed":false,"footnotes":""},"categories":[15],"tags":[6450,2951,40112,40111,1157,23506,40110],"miestas":[72],"class_list":["post-51862","post","type-post","status-publish","format-standard","has-post-thumbnail","hentry","category-regionai","tag-gatves-menas","tag-gedimino-prospektas","tag-liuda-jaruseviciute-stankeviciene","tag-monumentalioji-tapyba","tag-vilnius","tag-zemaite","tag-zemaites-skveras","miestas-vilniaus-miesto-savivaldybe"],"acf":[],"_links":{"self":[{"href":"https:\/\/cp.snarskis.lt\/index.php\/wp-json\/wp\/v2\/posts\/51862","targetHints":{"allow":["GET"]}}],"collection":[{"href":"https:\/\/cp.snarskis.lt\/index.php\/wp-json\/wp\/v2\/posts"}],"about":[{"href":"https:\/\/cp.snarskis.lt\/index.php\/wp-json\/wp\/v2\/types\/post"}],"replies":[{"embeddable":true,"href":"https:\/\/cp.snarskis.lt\/index.php\/wp-json\/wp\/v2\/comments?post=51862"}],"version-history":[{"count":0,"href":"https:\/\/cp.snarskis.lt\/index.php\/wp-json\/wp\/v2\/posts\/51862\/revisions"}],"wp:featuredmedia":[{"embeddable":true,"href":"https:\/\/cp.snarskis.lt\/index.php\/wp-json\/wp\/v2\/media\/51863"}],"wp:attachment":[{"href":"https:\/\/cp.snarskis.lt\/index.php\/wp-json\/wp\/v2\/media?parent=51862"}],"wp:term":[{"taxonomy":"category","embeddable":true,"href":"https:\/\/cp.snarskis.lt\/index.php\/wp-json\/wp\/v2\/categories?post=51862"},{"taxonomy":"post_tag","embeddable":true,"href":"https:\/\/cp.snarskis.lt\/index.php\/wp-json\/wp\/v2\/tags?post=51862"},{"taxonomy":"miestas","embeddable":true,"href":"https:\/\/cp.snarskis.lt\/index.php\/wp-json\/wp\/v2\/miestas?post=51862"}],"curies":[{"name":"wp","href":"https:\/\/api.w.org\/{rel}","templated":true}]}}