{"id":51869,"date":"2026-09-05T01:02:07","date_gmt":"2026-09-05T01:02:07","guid":{"rendered":"https:\/\/cp.snarskis.lt\/index.php\/2026\/09\/05\/pasilaiciuose-atsirado-nematyti-kelio-zenklai-paaiskejo-kieno-vaiku-piesiniai-laimejo\/"},"modified":"2026-09-05T01:02:07","modified_gmt":"2026-09-05T01:02:07","slug":"pasilaiciuose-atsirado-nematyti-kelio-zenklai-paaiskejo-kieno-vaiku-piesiniai-laimejo","status":"publish","type":"post","link":"https:\/\/cp.snarskis.lt\/index.php\/2026\/09\/05\/pasilaiciuose-atsirado-nematyti-kelio-zenklai-paaiskejo-kieno-vaiku-piesiniai-laimejo\/","title":{"rendered":"Pa\u0161ilai\u010diuose atsirado nematyti kelio \u017eenklai: paai\u0161k\u0117jo, kieno vaik\u0173 pie\u0161iniai laim\u0117jo"},"content":{"rendered":"<p>Vilniaus Pa\u0161ilai\u010diuose, Medeinos gatv\u0117s atkarpoje, nauji mokslo metai prasid\u0117jo ne\u012fprastai: \u0161alia per\u0117j\u0173 \u012frengti kelio \u017eenklai, sukurti pagal pradini\u0173 klasi\u0173 mokini\u0173 pie\u0161inius. Kartu ry\u0161kiomis spalvomis pa\u017eym\u0117ta va\u017eiuojamoji dalis prie\u0161 per\u0117jas ir p\u0117stiesiems bei dviratininkams skirti takai.<\/p>\n<p>\u0160ie sprendimai \u012fgyvendinti tarptautinio mobilumo projekto \u201eGatv\u0117s visiems\u201c bandom\u0173j\u0173 infrastrukt\u016bros pakeitim\u0173 r\u0117muose. Pagrindinis tikslas \u2013 suma\u017einti greit\u012f ir padidinti vairuotoj\u0173 d\u0117mes\u012f atkarpoje, kur kasdien juda daug vaik\u0173 ir t\u0117v\u0173, vykstan\u010di\u0173 \u012f ugdymo \u012fstaigas.<\/p>\n<p>Vasaros prad\u017eioje 6\u201310 met\u0173 vaikai buvo pakviesti \u012f kelio \u017eenkl\u0173 pie\u0161ini\u0173 konkurs\u0105, kuriame vaizdavo, kaip supranta saug\u0173 jud\u0117jim\u0105 ir eismo taisykli\u0173 laikym\u0105si. I\u0161 keli\u0173 de\u0161im\u010di\u0173 darb\u0173 atrinkti keturi pie\u0161iniai, virt\u0119 realiais \u017eenklais gatv\u0117je.<\/p>\n<p>Nugal\u0117tojais paskelbti Rusn\u0117s, Meidos, Karolio ir Marko darbai: j\u0173 pie\u0161iniuose p\u0117s\u010di\u0173j\u0173 per\u0117j\u0105 saugiai kerta gyv\u016bnai, o vairuotojams siun\u010diama ai\u0161ki \u017einut\u0117 neskub\u0117ti ir b\u016bti atidiems. Laim\u0117tojams numatytos Vilniaus miesto savivaldyb\u0117s ir projekto \u201eGatv\u0117s visiems\u201c dovanos, o su dalyviais \u017eadama susisiekti asmeni\u0161kai.<\/p>\n<p>\u201eMedeinos gatv\u0117je \u012fgyvendinami poky\u010diai yra skirti u\u017etikrinti pirmiausia \u010dia \u012fsik\u016brusias ugdymo \u012fstaigas lankan\u010di\u0173 vaik\u0173 saugum\u0105. M\u016bs\u0173 komand\u0105 nustebino vaik\u0173 k\u016brybi\u0161kumas, ta\u010diau pie\u0161iniuose pasteb\u0117jome ir neraminant\u012f dalyk\u0105: nema\u017eoje dalyje pie\u0161ini\u0173 vaizduojamos p\u0117s\u010di\u0173j\u0173 per\u0117jos, kas gali reik\u0161ti, kad kirsdami gatv\u0119 tam skirtose vietose vaikai vis tiek jau\u010diasi nesaug\u016bs\u201c, \u2013 sak\u0117 projekto \u201eGatv\u0117s visiems\u201c Vilniaus komandos vadov\u0117 Birut\u0117 Jatautait\u0117.<\/p>\n<p>Jos teigimu, mokslo met\u0173 prad\u017eioje vaik\u0173 d\u0117mesingumas da\u017enai suma\u017e\u0117ja d\u0117l didesnio tempo, emocij\u0173 ir nauj\u0173 mar\u0161rut\u0173. D\u0117l to specialistai ragina su vaikais nuolat kartoti pagrindines taisykles: sustoti prie\u0161 gatv\u0119, dairytis \u012f abi puses ir eiti tik \u012fsitikinus, kad transporto priemon\u0117s sustojo.<\/p>\n<h2>Eismo saugum\u0105 didinantys sprendimai<\/h2>\n<p>Medeinos gatv\u0117s atkarpoje \u012frengti ir kiti matomum\u0105 bei saugum\u0105 didinantys elementai: ai\u0161kiau atskirtos eismo juost\u0173 trajektorijos, per\u0117jos pa\u017eym\u0117tos \u0161viesel\u0117mis, o prie\u0161 per\u0117jas atsirado spalvot\u0173 apskritim\u0173 zona. Projekto komanda pabr\u0117\u017eia, kad tai ne vien dekoras, o priemon\u0117, kuri vizualiai signalizuoja apie viet\u0105, kur privalu sul\u0117tinti.<\/p>\n<p>\u201eSpalvot\u0173 apskritim\u0173 tikslas \u2013 vizualiai i\u0161skirti viet\u0105, kurioje vairuotojai turi b\u016bti ypa\u010d atid\u016bs, suma\u017einti gatv\u0117s tranziti\u0161kumo poj\u016bt\u012f ir paskatinti intuityviai ma\u017einti greit\u012f. Tod\u0117l pana\u0161ius \u017eenklinimo principus planuojama naudoti ir kitose Vilniaus vietose\u201c, \u2013 teig\u0117 projekto komanda.<\/p>\n<p>Ry\u0161k\u016bs pie\u0161iniai pritaikyti ir p\u0117s\u010di\u0173j\u0173 bei dviratinink\u0173 takams, ypa\u010d ties Medeinos pradin\u0117s mokyklos teritorija. Tai dar viena priemon\u0117 ai\u0161kiai atskirti jud\u0117jimo zonas ir suma\u017einti konfliktines situacijas tarp skirting\u0173 eismo dalyvi\u0173.<\/p>\n<p>Projekte akcentuojama, kad elgsen\u0105 kei\u010dia ne tik \u0161vietimas, bet ir pati aplinka: kai erdv\u0117 suprojektuota taip, kad nat\u016braliai skatina l\u0117tesn\u012f va\u017eiavim\u0105 ir ai\u0161kiai parodo prioritet\u0105 pa\u017eeid\u017eiamiems eismo dalyviams. Tod\u0117l \u0161alia edukacijos vis da\u017eniau taikomi ir praktiniai, greitai \u012fgyvendinami infrastrukt\u016briniai sprendimai, ypa\u010d prie mokykl\u0173 ir dar\u017eeli\u0173.<\/p>\n","protected":false},"excerpt":{"rendered":"<p>Vilniaus Pa\u0161ilai\u010diuose Medeinos gatv\u0117je \u012frengti vaik\u0173 pie\u0161ini\u0173 \u012fkv\u0117pti kelio \u017eenklai ir ry\u0161kus \u017eenklinimas, skatinantis vairuotojus sul\u0117tinti.<\/p>\n","protected":false},"author":0,"featured_media":51870,"comment_status":"open","ping_status":"open","sticky":false,"template":"","format":"standard","meta":{"_acf_changed":false,"footnotes":""},"categories":[15],"tags":[446,609,40118,40117,20850,12271,2946],"miestas":[72],"class_list":["post-51869","post","type-post","status-publish","format-standard","has-post-thumbnail","hentry","category-regionai","tag-darnus-judumas","tag-eismo-saugumas","tag-gatves-visiems","tag-medeinos-gatve","tag-pasilaiciai","tag-pesciuju-perejos","tag-vilniaus-miesto-savivaldybe","miestas-vilniaus-miesto-savivaldybe"],"acf":[],"_links":{"self":[{"href":"https:\/\/cp.snarskis.lt\/index.php\/wp-json\/wp\/v2\/posts\/51869","targetHints":{"allow":["GET"]}}],"collection":[{"href":"https:\/\/cp.snarskis.lt\/index.php\/wp-json\/wp\/v2\/posts"}],"about":[{"href":"https:\/\/cp.snarskis.lt\/index.php\/wp-json\/wp\/v2\/types\/post"}],"replies":[{"embeddable":true,"href":"https:\/\/cp.snarskis.lt\/index.php\/wp-json\/wp\/v2\/comments?post=51869"}],"version-history":[{"count":0,"href":"https:\/\/cp.snarskis.lt\/index.php\/wp-json\/wp\/v2\/posts\/51869\/revisions"}],"wp:featuredmedia":[{"embeddable":true,"href":"https:\/\/cp.snarskis.lt\/index.php\/wp-json\/wp\/v2\/media\/51870"}],"wp:attachment":[{"href":"https:\/\/cp.snarskis.lt\/index.php\/wp-json\/wp\/v2\/media?parent=51869"}],"wp:term":[{"taxonomy":"category","embeddable":true,"href":"https:\/\/cp.snarskis.lt\/index.php\/wp-json\/wp\/v2\/categories?post=51869"},{"taxonomy":"post_tag","embeddable":true,"href":"https:\/\/cp.snarskis.lt\/index.php\/wp-json\/wp\/v2\/tags?post=51869"},{"taxonomy":"miestas","embeddable":true,"href":"https:\/\/cp.snarskis.lt\/index.php\/wp-json\/wp\/v2\/miestas?post=51869"}],"curies":[{"name":"wp","href":"https:\/\/api.w.org\/{rel}","templated":true}]}}