{"id":51871,"date":"2026-09-05T01:20:42","date_gmt":"2026-09-05T01:20:42","guid":{"rendered":"https:\/\/cp.snarskis.lt\/index.php\/2026\/09\/05\/kas-vyko-kalveliu-ausros-gimnazijoje-trys-dienos-kurios-i-gimnazistus-uzgrudino-rimtai\/"},"modified":"2026-09-05T01:20:42","modified_gmt":"2026-09-05T01:20:42","slug":"kas-vyko-kalveliu-ausros-gimnazijoje-trys-dienos-kurios-i-gimnazistus-uzgrudino-rimtai","status":"publish","type":"post","link":"https:\/\/cp.snarskis.lt\/index.php\/2026\/09\/05\/kas-vyko-kalveliu-ausros-gimnazijoje-trys-dienos-kurios-i-gimnazistus-uzgrudino-rimtai\/","title":{"rendered":"Kas vyko Kalveli\u0173 \u201eAu\u0161ros\u201c gimnazijoje: trys dienos, kurios I gimnazistus u\u017egr\u016bdino rimtai"},"content":{"rendered":"<h2>Trij\u0173 dien\u0173 kursas I gimnazistams<\/h2>\n<p>Rugs\u0117jo 2\u20134 dienomis Vilniaus rajono Kalveli\u0173 \u201eAu\u0161ros\u201c gimnazijoje I G klas\u0117s mokiniams surengtas pilieti\u0161kumo ir gynybos \u012fg\u016bd\u017ei\u0173 kursas. Veiklas ved\u0117 Lietuvos \u0161auli\u0173 s\u0105jungos Karaliaus Mindaugo \u0161auli\u0173 10-osios rinktin\u0117s atstovas Saulius Pata\u0161ius, pirm\u0105j\u0105 dien\u0105 jam talkino Viktorija Jonkut\u0117.<\/p>\n<p>Tokie praktiniai mokymai mokyklose siejami su vis pla\u010diau stiprinamu visuomen\u0117s pasirengimu ekstremalioms situacijoms. Ugdymo \u012fstaigos vis da\u017eniau ie\u0161ko b\u016bd\u0173, kaip mokiniams suteikti ne tik teorini\u0173, bet ir realiame gyvenime pritaikom\u0173 \u012fg\u016bd\u017ei\u0173.<\/p>\n<h2>Pirmoji diena: nuo pirmosios pagalbos iki pasirengimo kriz\u0117ms<\/h2>\n<p>Pirm\u0105j\u0105 dien\u0105 mokiniai aptar\u0117 pilie\u010di\u0173 vaidmen\u012f valstyb\u0117s gynyboje ir elges\u012f ekstremali\u0173 situacij\u0173 metu. Taip pat susipa\u017eino su i\u0161gyvenimo priemon\u0117mis ir higienos bei maitinimosi lauko s\u0105lygomis principais.<\/p>\n<p>Didelis d\u0117mesys skirtas pirmajai medicinos pagalbai: mokiniai mok\u0117si atlikti \u0161irdies masa\u017e\u0105, naudoti turniketus, diskutavo apie veiksm\u0173 sek\u0105, kai svarbi kiekviena minut\u0117. Praktika pad\u0117jo geriau suprasti, kad tokie \u012fg\u016bd\u017eiai aktual\u016bs ne tik nelaimi\u0173 metu, bet ir kasdien\u0117se situacijose.<\/p>\n<h2>Antroji diena: orientavimasis ir sauga<\/h2>\n<p>Antr\u0105j\u0105 dien\u0105 mokiniai ruo\u0161\u0117si \u017eygiui, mok\u0117si orientuotis mi\u0161ke ir mieste, statyti palapines bei pastoges, ri\u0161ti \u012fvairius mazgus. Praktin\u0117s u\u017eduotys vyko ir gimnazijos sporto sal\u0117je, tod\u0117l \u012fg\u016bd\u017eiai buvo lavinami skirtingomis s\u0105lygomis.<\/p>\n<p>Programoje buvo ir supa\u017eindinimas su pneumatinio \u0161autuvo naudojimo sauga bei taiklaus \u0161audymo principais. Akcentuota, kad svarbiausia yra atsakingas elgesys, taisykli\u0173 laikymasis ir komandinis darbas, kai kiekvieno veiksmai daro \u012ftak\u0105 vis\u0173 saugumui.<\/p>\n<h2>Tre\u010dioji diena: \u017eygis per liet\u0173 ir praktin\u0117s u\u017eduotys<\/h2>\n<p>Rugs\u0117jo 4 dien\u0105 kurs\u0105 vainikavo \u017eygis Kalveli\u0173 apylink\u0117se. Nors oras nelepino ir \u017eyg\u012f lyd\u0117jo lietus, mokiniai atliko praktines u\u017eduotis ir pritaik\u0117 per ankstesnes dienas \u012fgytas \u017einias.<\/p>\n<p>\u017dygio metu jie ruo\u0161\u0117 lau\u017eaviet\u0119, mok\u0117si \u012fkurti lau\u017e\u0105 skeltuvu, sprend\u0117 orientavimosi ir i\u0161gyvenimo u\u017edavinius. Tokios u\u017eduotys parodo, kaip teorija veikia realiame lauke, kai sprendimus reikia priimti greitai ir atsakingai.<\/p>\n<p>Sugr\u012f\u017e\u0119 \u012f gimnazij\u0105 mokiniai aptar\u0117 kurs\u0105, atliko \u017eini\u0173 patikrinimo test\u0105 ir gavo kurso baigimo pa\u017eym\u0117jimus. Mokyklos bendruomen\u0117 pabr\u0117\u017e\u0117, kad trij\u0173 dien\u0173 programa tapo prasminga patirtimi, ugdan\u010dia dr\u0105s\u0105, atsakomyb\u0119 ir pilieti\u0161kum\u0105.<\/p>\n<p>Direktoriaus pavaduotoja ugdymui Nina Ba\u0161ajevien\u0117<\/p>\n","protected":false},"excerpt":{"rendered":"<p>Kalveli\u0173 \u201eAu\u0161ros\u201c gimnazijoje I gimnazistai per tris dienas mok\u0117si pirmosios pagalbos, orientavimosi ir \u017eygio \u012fg\u016bd\u017ei\u0173 bei pilietin\u0117s atsakomyb\u0117s.<\/p>\n","protected":false},"author":0,"featured_media":51872,"comment_status":"open","ping_status":"open","sticky":false,"template":"","format":"standard","meta":{"_acf_changed":false,"footnotes":""},"categories":[15],"tags":[40119,40120,1420,13445,928,1329,1788],"miestas":[71],"class_list":["post-51871","post","type-post","status-publish","format-standard","has-post-thumbnail","hentry","category-regionai","tag-isgyvenimo-igudziai","tag-kalveliu-ausros-gimnazija","tag-lietuvos-sauliu-sajunga","tag-pilietiskumo-ugdymas","tag-pirmoji-pagalba","tag-vilniaus-rajonas","tag-zygiai","miestas-vilniaus-rajono-savivaldybe"],"acf":[],"_links":{"self":[{"href":"https:\/\/cp.snarskis.lt\/index.php\/wp-json\/wp\/v2\/posts\/51871","targetHints":{"allow":["GET"]}}],"collection":[{"href":"https:\/\/cp.snarskis.lt\/index.php\/wp-json\/wp\/v2\/posts"}],"about":[{"href":"https:\/\/cp.snarskis.lt\/index.php\/wp-json\/wp\/v2\/types\/post"}],"replies":[{"embeddable":true,"href":"https:\/\/cp.snarskis.lt\/index.php\/wp-json\/wp\/v2\/comments?post=51871"}],"version-history":[{"count":0,"href":"https:\/\/cp.snarskis.lt\/index.php\/wp-json\/wp\/v2\/posts\/51871\/revisions"}],"wp:featuredmedia":[{"embeddable":true,"href":"https:\/\/cp.snarskis.lt\/index.php\/wp-json\/wp\/v2\/media\/51872"}],"wp:attachment":[{"href":"https:\/\/cp.snarskis.lt\/index.php\/wp-json\/wp\/v2\/media?parent=51871"}],"wp:term":[{"taxonomy":"category","embeddable":true,"href":"https:\/\/cp.snarskis.lt\/index.php\/wp-json\/wp\/v2\/categories?post=51871"},{"taxonomy":"post_tag","embeddable":true,"href":"https:\/\/cp.snarskis.lt\/index.php\/wp-json\/wp\/v2\/tags?post=51871"},{"taxonomy":"miestas","embeddable":true,"href":"https:\/\/cp.snarskis.lt\/index.php\/wp-json\/wp\/v2\/miestas?post=51871"}],"curies":[{"name":"wp","href":"https:\/\/api.w.org\/{rel}","templated":true}]}}