{"id":51897,"date":"2026-09-05T01:41:39","date_gmt":"2026-09-05T01:41:39","guid":{"rendered":"https:\/\/cp.snarskis.lt\/index.php\/2026\/09\/05\/birzunu-bendruomene-isvyko-i-kelione-kedainiu-paslaptys-virtiniai-ir-vaizdai-nuo-boksto\/"},"modified":"2026-09-05T01:41:39","modified_gmt":"2026-09-05T01:41:39","slug":"birzunu-bendruomene-isvyko-i-kelione-kedainiu-paslaptys-virtiniai-ir-vaizdai-nuo-boksto","status":"publish","type":"post","link":"https:\/\/cp.snarskis.lt\/index.php\/2026\/09\/05\/birzunu-bendruomene-isvyko-i-kelione-kedainiu-paslaptys-virtiniai-ir-vaizdai-nuo-boksto\/","title":{"rendered":"Bir\u017e\u016bn\u0173 bendruomen\u0117 i\u0161vyko \u012f kelion\u0119: K\u0117daini\u0173 paslaptys, virtiniai ir vaizdai nuo bok\u0161to"},"content":{"rendered":"<p>Bir\u017e\u016bn\u0173 bendruomen\u0117 \u201eBir\u017e\u016bn\u0117lis\u201c sureng\u0117 pa\u017eintin\u0119 i\u0161vyk\u0105 po Vidurio Lietuv\u0105, kurioje der\u0117jo istorija, vietos skoniai ir bendryst\u0117. Kelion\u0117s mar\u0161rutas ved\u0117 per K\u0117dainius, Siruti\u0161kius ir Krekenav\u0105, o dien\u0105 vainikavo apsilankymas viename ry\u0161kiausi\u0173 regiono sakralini\u0173 objekt\u0173.<\/p>\n<p>Pirmasis sustojimas buvo K\u0117dainiai \u2013 miestas, i\u0161siskiriantis vienu geriausiai i\u0161likusi\u0173 senamies\u010di\u0173 Lietuvoje. Ekskursijos metu bendruomen\u0117s nariai su gide aptar\u0117 miesto raidos etapus, architekt\u016brinius akcentus ir tai, kaip skirtingos bendruomen\u0117s formavo K\u0117daini\u0173 veid\u0105.<\/p>\n<p>Pasivaik\u0161\u010diojimas senamies\u010diu leido pa\u017evelgti \u012f K\u0117dainius ne tik kaip \u012f istorijos fakt\u0173 rinkin\u012f, bet ir kaip \u012f gyv\u0105 kult\u016bros erdv\u0119. Tokios edukacin\u0117s kelion\u0117s, pasak organizatori\u0173, padeda stiprinti vietos tapatyb\u0119 ir skatina dom\u0117tis Lietuvos paveldu u\u017e savo kra\u0161to rib\u0173.<\/p>\n<p>Po pa\u017eintin\u0117s dalies keliautojai u\u017esuko \u012f Siruti\u0161ki\u0173 kaim\u0105, kur j\u0173 lauk\u0117 virtini\u0173 degustacija. Bendras stalas tapo nat\u016bralia vieta pasidalyti \u012fsp\u016bd\u017eiais, pabendrauti ir prat\u0119sti kelion\u0119 jaukesniu ritmu, o tradiciniai patiekalai primin\u0117 apie regionini\u0173 skoni\u0173 svarb\u0105 kult\u016brin\u0117je patirtyje.<\/p>\n<p>V\u0117liau bendruomen\u0117 vyko \u012f Krekenav\u0105, kur aplank\u0117 ap\u017evalgos bok\u0161t\u0105 Nev\u0117\u017eio sl\u0117nyje. Nuo vir\u0161aus atsiveriantys vaizdai \u012f up\u0117s vingius, mi\u0161kus ir lygumas daugeliui tapo vienu \u012fsimintiniausi\u0173 kelion\u0117s moment\u0173, o pati vieta primin\u0117, kiek netoliese esan\u010di\u0173 gamtos objekt\u0173 vis dar lieka neatrasta.<\/p>\n<p>Kelion\u0119 u\u017ebaig\u0117 apsilankymas Krekenavos \u0160v\u010d. Mergel\u0117s Marijos \u0117mimo \u012f dang\u0173 bazilikoje. Ramyb\u0117 ir sakralin\u0117 aplinka tapo tinkamu turiningos dienos akcentu, o dalyviai pabr\u0117\u017e\u0117, kad tokios i\u0161vykos vertingos ne tik d\u0117l aplankyt\u0173 viet\u0173, bet ir d\u0117l kartu kuriamos bendruomenin\u0117s patirties.<\/p>\n<p>Bendruomen\u0117 taip pat pad\u0117kojo Zaras\u0173 rajono savivaldybei u\u017e dalin\u012f kelion\u0117s finansavim\u0105. Pasak organizatori\u0173, tokia parama suteikia daugiau galimybi\u0173 \u017emon\u0117ms keliauti, pl\u0117sti akirat\u012f ir stiprinti tarpusavio ry\u0161ius.<\/p>\n<p>Bir\u017e\u016bn\u0173 bendruomen\u0117s pirminink\u0117 Gelmina Budrien\u0117 pabr\u0117\u017e\u0117, kad bendros i\u0161vykos tampa prasmingu laiku kartu ir skatina aktyvesn\u012f bendruomen\u0117s gyvenim\u0105.<\/p>\n","protected":false},"excerpt":{"rendered":"<p>Bir\u017e\u016bn\u0173 bendruomen\u0117 \u201eBir\u017e\u016bn\u0117lis\u201c keliavo per K\u0117dainius, Siruti\u0161kius ir Krekenav\u0105: istorija, virtini\u0173 degustacija, bok\u0161to panorama ir bazilika.<\/p>\n","protected":false},"author":0,"featured_media":51898,"comment_status":"open","ping_status":"open","sticky":false,"template":"","format":"standard","meta":{"_acf_changed":false,"footnotes":""},"categories":[15],"tags":[912,592,961,40135,16702,40134,1181],"miestas":[62],"class_list":["post-51897","post","type-post","status-publish","format-standard","has-post-thumbnail","hentry","category-regionai","tag-bendruomenes","tag-kedainiai","tag-krekenava","tag-lietuvos-paveldas","tag-nevezis","tag-pazintines-keliones","tag-zarasu-rajono-savivaldybe","miestas-zarasu-rajono-savivaldybe"],"acf":[],"_links":{"self":[{"href":"https:\/\/cp.snarskis.lt\/index.php\/wp-json\/wp\/v2\/posts\/51897","targetHints":{"allow":["GET"]}}],"collection":[{"href":"https:\/\/cp.snarskis.lt\/index.php\/wp-json\/wp\/v2\/posts"}],"about":[{"href":"https:\/\/cp.snarskis.lt\/index.php\/wp-json\/wp\/v2\/types\/post"}],"replies":[{"embeddable":true,"href":"https:\/\/cp.snarskis.lt\/index.php\/wp-json\/wp\/v2\/comments?post=51897"}],"version-history":[{"count":0,"href":"https:\/\/cp.snarskis.lt\/index.php\/wp-json\/wp\/v2\/posts\/51897\/revisions"}],"wp:featuredmedia":[{"embeddable":true,"href":"https:\/\/cp.snarskis.lt\/index.php\/wp-json\/wp\/v2\/media\/51898"}],"wp:attachment":[{"href":"https:\/\/cp.snarskis.lt\/index.php\/wp-json\/wp\/v2\/media?parent=51897"}],"wp:term":[{"taxonomy":"category","embeddable":true,"href":"https:\/\/cp.snarskis.lt\/index.php\/wp-json\/wp\/v2\/categories?post=51897"},{"taxonomy":"post_tag","embeddable":true,"href":"https:\/\/cp.snarskis.lt\/index.php\/wp-json\/wp\/v2\/tags?post=51897"},{"taxonomy":"miestas","embeddable":true,"href":"https:\/\/cp.snarskis.lt\/index.php\/wp-json\/wp\/v2\/miestas?post=51897"}],"curies":[{"name":"wp","href":"https:\/\/api.w.org\/{rel}","templated":true}]}}