{"id":51930,"date":"2026-09-05T02:10:24","date_gmt":"2026-09-05T02:10:24","guid":{"rendered":"https:\/\/cp.snarskis.lt\/index.php\/2026\/09\/05\/marsrutas-i-vilniu-nutraukiamas-varenos-krastui-zada-sprendima-su-persedimu\/"},"modified":"2026-09-05T02:10:24","modified_gmt":"2026-09-05T02:10:24","slug":"marsrutas-i-vilniu-nutraukiamas-varenos-krastui-zada-sprendima-su-persedimu","status":"publish","type":"post","link":"https:\/\/cp.snarskis.lt\/index.php\/2026\/09\/05\/marsrutas-i-vilniu-nutraukiamas-varenos-krastui-zada-sprendima-su-persedimu\/","title":{"rendered":"Mar\u0161rutas \u012f Vilni\u0173 nutraukiamas: Var\u0117nos kra\u0161tui \u017eada sprendim\u0105 su pers\u0117dimu"},"content":{"rendered":"<p>Nuo rugs\u0117jo 12 dienos kei\u010diasi susisiekimas autobusais su Vilniumi: UAB \u201eDruskinink\u0173 autobus\u0173 parkas\u201c nutraukia tolimojo susisiekimo mar\u0161rut\u0105 Druskininkai\u2013Var\u0117na\u2013Vilnius. Pokytis palies ne tik Var\u0117n\u0105, bet ir pakeliui esan\u010dias gyvenvietes, kurioms tai buvo tiesioginis ry\u0161ys su sostine.<\/p>\n<p>Iki \u0161iol \u0161iuo mar\u0161rutu autobusai stodavo Matuizose, Vori\u0161k\u0117se, Urkionyse, Po\u0161al\u010diuose ir Valkininkuose. Nutraukus reis\u0105, gyventojams kelion\u0117s taps sud\u0117tingesn\u0117s: norint pasiekti Vilni\u0173, teks planuoti pers\u0117dimus, o daliai keleivi\u0173 tai reik\u0161 ir ilgesn\u012f kelion\u0117s laik\u0105.<\/p>\n<p>\u012e gyventoj\u0173 i\u0161sakyt\u0105 susir\u016bpinim\u0105 sureagavo Var\u0117nos rajono savivaldyb\u0117. Meras Algis Ka\u0161\u0117ta ir savivaldyb\u0117s administracijos vadovai situacij\u0105 aptar\u0117 su Var\u0117nos autobus\u0173 parko vadovu Juozu Jaskoniu, ie\u0161kant sprendimo, kad ry\u0161ys su Vilniumi darbo dienomis b\u016bt\u0173 i\u0161laikytas bent per pers\u0117dim\u0105.<\/p>\n<p>Susitikime nuspr\u0119sta organizuoti papildom\u0105 rytin\u012f reis\u0105 darbo dienomis mar\u0161rutu Var\u0117na\u2013Valkinink\u0173 kry\u017ekel\u0117. Pagal numatyt\u0105 tvarkara\u0161t\u012f autobusas i\u0161 Var\u0117nos i\u0161vyks 6.40 valand\u0105 ir \u012f Valkinink\u0173 kry\u017ekel\u0119 atvyks 7.16 valand\u0105, kad keleiviai sp\u0117t\u0173 pers\u0117sti \u012f autobus\u0105 Vilniaus kryptimi.<\/p>\n<p>Autobusas \u012f Vilni\u0173 i\u0161 Valkinink\u0173 kry\u017ekel\u0117s tur\u0117t\u0173 i\u0161vykti 7.23 valand\u0105, o ve\u017e\u0117jas informuoja, kad pers\u0117dimo patogumui jis keleivi\u0173 palauks. \u012e Valkinink\u0173 kry\u017ekel\u0119 va\u017eiuojantis autobusas stos Matuizose, Vori\u0161k\u0117se, Urkionyse, Po\u0161al\u010diuose ir Valkininkuose.<\/p>\n<p>Numatytas ir suderintas gr\u012f\u017eimas po darbo: autobusas i\u0161 Vilniaus \u012f Valkinink\u0173 kry\u017ekel\u0119 atvyks 16.22 valand\u0105, o \u012f Var\u0117n\u0105 i\u0161vyks 16.25 valand\u0105. Gr\u012f\u017etant atgal autobusas va\u017eiuos per Valkininkus, Po\u0161al\u010dius, Urkionis, Vori\u0161kes ir Matuizas.<\/p>\n<p>Taip pat bus koreguojamas popietinis mar\u0161rutas Var\u0117na\u2013Kr\u016bminiai\u2013Var\u0117na, nes jis tur\u0117t\u0173 va\u017eiuoti iki Valkinink\u0173 kry\u017ekel\u0117s ir parve\u017eti i\u0161 Vilniaus gr\u012f\u017etan\u010dius keleivius. Var\u0117nos autobus\u0173 parkas \u017eada steb\u0117ti keleivi\u0173 srautus ir, \u012fvertinus real\u0173 poreik\u012f, spr\u0119sti, ar tvarkara\u0161t\u012f reikia tikslinti.<\/p>\n<p>Pastaraisiais metais regioninis susisiekimas vis da\u017eniau priklauso nuo keleivi\u0173 sraut\u0173, mar\u0161rut\u0173 rentabilumo ir ve\u017e\u0117j\u0173 galimybi\u0173 u\u017etikrinti reis\u0173 da\u017en\u012f. Savivaldyb\u0117s paprastai ie\u0161ko kompromiso sprendim\u0173, kad gyventojams nelikt\u0173 visi\u0161kai nutraukt\u0173 kryp\u010di\u0173 \u012f did\u017eiuosius miestus, ypa\u010d darbo dienomis, kai susisiekimas svarbus darbui, mokslams ir sveikatos paslaugoms.<\/p>\n","protected":false},"excerpt":{"rendered":"<p>Nuo rugs\u0117jo 12 dienos nutraukiamas Druskininkai\u2013Var\u0117na\u2013Vilnius mar\u0161rutas, ta\u010diau \u017eadamas papildomas reisas iki Valkinink\u0173 kry\u017ekel\u0117s su pers\u0117dimu.<\/p>\n","protected":false},"author":0,"featured_media":51931,"comment_status":"open","ping_status":"open","sticky":false,"template":"","format":"standard","meta":{"_acf_changed":false,"footnotes":""},"categories":[15],"tags":[905,40143,40144,24312,904,5306,617],"miestas":[78],"class_list":["post-51930","post","type-post","status-publish","format-standard","has-post-thumbnail","hentry","category-regionai","tag-autobusu-marsrutai","tag-druskininku-autobusu-parkas","tag-susisiekimas-su-vilniumi","tag-valkininkai","tag-varena","tag-varenos-rajono-savivaldybe","tag-viesasis-transportas","miestas-varenos-rajono-savivaldybe"],"acf":[],"_links":{"self":[{"href":"https:\/\/cp.snarskis.lt\/index.php\/wp-json\/wp\/v2\/posts\/51930","targetHints":{"allow":["GET"]}}],"collection":[{"href":"https:\/\/cp.snarskis.lt\/index.php\/wp-json\/wp\/v2\/posts"}],"about":[{"href":"https:\/\/cp.snarskis.lt\/index.php\/wp-json\/wp\/v2\/types\/post"}],"replies":[{"embeddable":true,"href":"https:\/\/cp.snarskis.lt\/index.php\/wp-json\/wp\/v2\/comments?post=51930"}],"version-history":[{"count":0,"href":"https:\/\/cp.snarskis.lt\/index.php\/wp-json\/wp\/v2\/posts\/51930\/revisions"}],"wp:featuredmedia":[{"embeddable":true,"href":"https:\/\/cp.snarskis.lt\/index.php\/wp-json\/wp\/v2\/media\/51931"}],"wp:attachment":[{"href":"https:\/\/cp.snarskis.lt\/index.php\/wp-json\/wp\/v2\/media?parent=51930"}],"wp:term":[{"taxonomy":"category","embeddable":true,"href":"https:\/\/cp.snarskis.lt\/index.php\/wp-json\/wp\/v2\/categories?post=51930"},{"taxonomy":"post_tag","embeddable":true,"href":"https:\/\/cp.snarskis.lt\/index.php\/wp-json\/wp\/v2\/tags?post=51930"},{"taxonomy":"miestas","embeddable":true,"href":"https:\/\/cp.snarskis.lt\/index.php\/wp-json\/wp\/v2\/miestas?post=51930"}],"curies":[{"name":"wp","href":"https:\/\/api.w.org\/{rel}","templated":true}]}}