{"id":51934,"date":"2026-09-05T02:11:08","date_gmt":"2026-09-05T02:11:08","guid":{"rendered":"https:\/\/cp.snarskis.lt\/index.php\/2026\/09\/05\/varenoje-atverta-sensacija-4-000-grybu-piesiniu-palikimas-kurio-niekas-nebuvo-istyres\/"},"modified":"2026-09-05T02:11:08","modified_gmt":"2026-09-05T02:11:08","slug":"varenoje-atverta-sensacija-4-000-grybu-piesiniu-palikimas-kurio-niekas-nebuvo-istyres","status":"publish","type":"post","link":"https:\/\/cp.snarskis.lt\/index.php\/2026\/09\/05\/varenoje-atverta-sensacija-4-000-grybu-piesiniu-palikimas-kurio-niekas-nebuvo-istyres\/","title":{"rendered":"Var\u0117noje atverta sensacija: 4 000 gryb\u0173 pie\u0161ini\u0173 palikimas, kurio niekas nebuvo i\u0161tyr\u0119s"},"content":{"rendered":"<p>Var\u0117nos kult\u016bros centro kino ir parod\u0173 sal\u0117se atidaryta paroda \u201eKonstantino Pro\u0161inskio fenomenas: gryb\u0173 pie\u0161iniai\u201c. Ji pristatoma kaip \u012f\u017eanga \u012f netrukus Var\u0117noje vyksian\u010di\u0105 Gryb\u0173 \u0161vent\u0119, o lankytojams \u017eada ret\u0105 prog\u0105 pamatyti mokslo ir meno sand\u016broje gimusius darbus.<\/p>\n<p>Parodos atidaryme mikologas dr. Jonas Kasparavi\u010dius skait\u0117 paskait\u0105 apie pedagog\u0105 ir Vilniaus kra\u0161to gamtos tyrin\u0117toj\u0105 Konstantin\u0105 Pro\u0161insk\u012f (1859\u20131936). Pasak jo, K. Pro\u0161inskis buvo suman\u0119s i\u0161leisti gryb\u0173 album\u0105 ir tam suk\u016br\u0117 apie 4 000 pie\u0161ini\u0173, ta\u010diau leidybai pritr\u016bko l\u0117\u0161\u0173.<\/p>\n<p>\u201ePro\u0161inskio pie\u0161iniai yra daugiau nei iliustracijos \u2013 tai laikme\u010dio bandymas sukaupti \u017einias ir perduoti jas taip, kad suprast\u0173 ir mokslininkas, ir paprastas gamtos myl\u0117tojas\u201c, \u2013 sak\u0117 dr. Jonas Kasparavi\u010dius.<\/p>\n<p>Ilg\u0105 laik\u0105 archyvuose saugota kolekcija \u0161iandien vertinama kaip unikalus mokslo istorijos ir vizualin\u0117s kult\u016bros liudijimas. Toki\u0173 rinkini\u0173 reik\u0161m\u0117 ypa\u010d i\u0161ry\u0161k\u0117ja dabar, kai visame pasaulyje daug d\u0117mesio skiriama biologin\u0117s \u012fvairov\u0117s steb\u0117senai, o r\u016b\u0161i\u0173 atpa\u017einimas tampa svarbus ir gamtosaugai, ir visuomen\u0117s \u0161vietimui.<\/p>\n<p>Parodoje eksponuojamos K. Pro\u0161inskio gryb\u0173 akvareli\u0173 reprodukcijos, kuriose kruop\u0161\u010diai perteikiamos formos, spalvos ir sandaros detal\u0117s. Organizatoriai pabr\u0117\u017eia, kad mokslinis tikslumas \u010dia da\u017enai susilieja su subtilia menine rai\u0161ka, tod\u0117l darbai \u012fdom\u016bs ne tik mikologijos entuziastams, bet ir dail\u0117s gerb\u0117jams.<\/p>\n<p>Var\u0117noje pristatoma nedidel\u0117, iki \u0161iol menkai tyrin\u0117ta \u0161io rinkinio dalis. B\u016btent tai parodai suteikia papildomos vert\u0117s: ji ne tik supa\u017eindina su istoriniu palikimu, bet ir skatina naujai pa\u017evelgti \u012f tai, kaip Lietuvoje buvo kaupiamos gamtos pa\u017einimo \u017einios dar iki \u0161iuolaikini\u0173 fotografijos ir DI atpa\u017einimo \u012franki\u0173.<\/p>\n<p>Paroda veiks iki rugs\u0117jo 27 dienos. J\u0105 gal\u0117s aplankyti ir Gryb\u0173 \u0161vent\u0117s sve\u010diai, atvykstantys \u012f Var\u0117n\u0105 rugs\u0117jo pabaigoje.<\/p>\n","protected":false},"excerpt":{"rendered":"<p>Var\u0117noje atidaryta paroda apie Konstantin\u0105 Pro\u0161insk\u012f: pristatoma iki \u0161iol menkai tyrin\u0117ta 4 000 gryb\u0173 pie\u0161ini\u0173 kolekcijos dalis.<\/p>\n","protected":false},"author":0,"featured_media":51935,"comment_status":"open","ping_status":"open","sticky":false,"template":"","format":"standard","meta":{"_acf_changed":false,"footnotes":""},"categories":[15],"tags":[36254,40147,40146,13984,3148,904,25047],"miestas":[78],"class_list":["post-51934","post","type-post","status-publish","format-standard","has-post-thumbnail","hentry","category-regionai","tag-grybu-svente","tag-jonas-kasparavicius","tag-konstantinas-prosinskis","tag-mikologija","tag-parodos","tag-varena","tag-varenos-kulturos-centras","miestas-varenos-rajono-savivaldybe"],"acf":[],"_links":{"self":[{"href":"https:\/\/cp.snarskis.lt\/index.php\/wp-json\/wp\/v2\/posts\/51934","targetHints":{"allow":["GET"]}}],"collection":[{"href":"https:\/\/cp.snarskis.lt\/index.php\/wp-json\/wp\/v2\/posts"}],"about":[{"href":"https:\/\/cp.snarskis.lt\/index.php\/wp-json\/wp\/v2\/types\/post"}],"replies":[{"embeddable":true,"href":"https:\/\/cp.snarskis.lt\/index.php\/wp-json\/wp\/v2\/comments?post=51934"}],"version-history":[{"count":0,"href":"https:\/\/cp.snarskis.lt\/index.php\/wp-json\/wp\/v2\/posts\/51934\/revisions"}],"wp:featuredmedia":[{"embeddable":true,"href":"https:\/\/cp.snarskis.lt\/index.php\/wp-json\/wp\/v2\/media\/51935"}],"wp:attachment":[{"href":"https:\/\/cp.snarskis.lt\/index.php\/wp-json\/wp\/v2\/media?parent=51934"}],"wp:term":[{"taxonomy":"category","embeddable":true,"href":"https:\/\/cp.snarskis.lt\/index.php\/wp-json\/wp\/v2\/categories?post=51934"},{"taxonomy":"post_tag","embeddable":true,"href":"https:\/\/cp.snarskis.lt\/index.php\/wp-json\/wp\/v2\/tags?post=51934"},{"taxonomy":"miestas","embeddable":true,"href":"https:\/\/cp.snarskis.lt\/index.php\/wp-json\/wp\/v2\/miestas?post=51934"}],"curies":[{"name":"wp","href":"https:\/\/api.w.org\/{rel}","templated":true}]}}